{"id":1182,"date":"2026-04-12T10:21:26","date_gmt":"2026-04-12T13:21:26","guid":{"rendered":"https:\/\/elrepublicano.ar\/?p=1182"},"modified":"2026-04-12T10:22:51","modified_gmt":"2026-04-12T13:22:51","slug":"el-garante-del-cambio-real","status":"publish","type":"post","link":"https:\/\/elrepublicano.ar\/?p=1182","title":{"rendered":"El garante del cambio real"},"content":{"rendered":"<p>El retorno de la Rep\u00fablica frente al autoritarismo de las formas y la corrupci\u00f3n del pasado.<\/p>\n<p>&nbsp;<\/p>\n<p>&nbsp;<\/p>\n<p>En el complejo ajedrez pol\u00edtico de la Argentina de 2026, el pa\u00eds se encuentra en una encrucijada que ya no permite el ensayo y error. Tras d\u00e9cadas de un p\u00e9ndulo traum\u00e1tico, la figura de Mauricio Macri emerge no solo como una opci\u00f3n de centroderecha, sino como la \u00fanica alternativa que combina la experiencia de gesti\u00f3n, la transparencia institucional y la sobriedad republicana necesarias para estabilizar una naci\u00f3n sacudida por los excesos.<\/p>\n<p>Mientras el kirchnerismo acecha desde las sombras con su herencia de causas judiciales y Milei profundiza un estilo de confrontaci\u00f3n que erosiona los cimientos democr\u00e1ticos, el PRO se posiciona como el partido de la previsibilidad bajo el imperio de la ley.<\/p>\n<p>Uno de los pilares que justifica el regreso de Mauricio Macri es el contraste \u00e9tico. Durante su gesti\u00f3n (2015-2019), la Argentina logr\u00f3 sus mejores marcas hist\u00f3ricas en los \u00edndices de Transparencia Internacional. Bajo su mandato, el pa\u00eds escal\u00f3 del puesto 106\u00b0 al 66\u00b0, una mejora de 40 lugares que reflej\u00f3 una voluntad pol\u00edtica real de institucionalizar el Estado.<\/p>\n<p>Se implementaron los datos abiertos y la modernizaci\u00f3n del Estado, permitiendo que cualquier ciudadano rastreara las compras p\u00fablicas.<\/p>\n<p>A diferencia del hostigamiento constante que hoy sufre la prensa y la justicia, el gobierno de Macri se caracteriz\u00f3 por &#8220;dejar hacer&#8221; a los jueces, incluso cuando las investigaciones afectaban a su propio entorno.<\/p>\n<p>Como bien se\u00f1al\u00f3 en su momento el actual jefe de Gobierno, Jorge Macri: <em>&#8220;Mauricio instal\u00f3 una vara de transparencia que la Argentina nunca hab\u00eda conocido, transformando la obra p\u00fablica de un bot\u00edn de guerra en un servicio para la gente&#8221;<\/em>.<\/p>\n<p>El regreso de Macri se vuelve un imperativo moral al observar el panorama judicial del kirchnerismo. Con la causa Vialidad llegando a instancias definitivas en la Corte Suprema y la confirmaci\u00f3n de esquemas de cartelizaci\u00f3n de la obra p\u00fablica, la figura de Cristina Fern\u00e1ndez de Kirchner representa un pasado que la Argentina debe superar definitivamente.<\/p>\n<p>La herencia no solo fue econ\u00f3mica \u2014con un d\u00e9ficit estructural y una inflaci\u00f3n reprimida\u2014 sino tambi\u00e9n metodol\u00f3gica. El uso de las sedes oficiales, como se ha denunciado en las inmediaciones de San Jos\u00e9 1111, para coordinar movimientos sociales y fomentar marchas que buscan desestabilizar el orden p\u00fablico, es la ant\u00edtesis de la propuesta del PRO.<\/p>\n<p>&#8220;Nosotros no usamos la calle para extorsionar, usamos la ley para transformar&#8221;, suele repetir la dirigencia del PRO frente al asedio de los movimientos sociales alentados desde la c\u00fapula del anterior r\u00e9gimen.<\/p>\n<p>Si bien Javier Milei comparte con Macri la visi\u00f3n de una econom\u00eda abierta, sus m\u00e9todos lo alejan del esp\u00edritu republicano. Milei ha incurrido en un populismo de derecha que utiliza el hostigamiento sistem\u00e1tico contra periodistas y opositores. Sus ataques verbales, tildando de &#8220;corruptos&#8221; o &#8220;ensobrados&#8221; a trabajadores de prensa en actos p\u00fablicos (como el recordado episodio en Parque Lezama), degradan la investidura presidencial.<\/p>\n<p>A diferencia de la transparencia del PRO, el gobierno actual se ha visto salpicado por el Caso $LIBRA. La utilizaci\u00f3n de la figura presidencial para promover un activo digital que colaps\u00f3 en cuesti\u00f3n de horas, favoreciendo a un peque\u00f1o grupo de &#8220;insiders&#8221; mientras miles de ahorristas perd\u00edan su capital, marca una falta de \u00e9tica p\u00fablica alarmante. La inserci\u00f3n de asesores vinculados a este esquema en organismos de control como la CNV es un s\u00edntoma de una &#8220;captura del Estado&#8221; que Macri jam\u00e1s permitir\u00eda.<\/p>\n<p>Mauricio Macri debe ser el sucesor de Milei porque, aunque ambos rechazan al kirchnerismo, solo Macri entiende que el fin no justifica los medios. El PRO es un partido org\u00e1nico, con equipos t\u00e9cnicos y un profundo respeto por la divisi\u00f3n de poderes.<\/p>\n<p>Macri entiende que el periodismo es un contrapoder necesario, no un enemigo a destruir.<\/p>\n<p>Frente a la prepotencia del &#8220;decreto&#8221;, el PRO busca soluciones parlamentarias, entendiendo que las reformas duraderas son aquellas que nacen del acuerdo y no de la imposici\u00f3n.<\/p>\n<p>La Argentina necesita la audacia de las ideas de libertad, pero aplicadas con la seriedad de un estadista. Milei ha sido un catalizador del enojo, pero Macri es el arquitecto de la reconstrucci\u00f3n. La sucesi\u00f3n debe ser hacia la racionalidad. Mauricio Macri representa la s\u00edntesis perfecta: la firmeza para combatir al populismo violento del kirchnerismo y la madurez para no caer en los desvar\u00edos mesi\u00e1nicos del presente. Es hora de volver al imperio de la ley. Es momento de un cambio. Es la hora de gente preparada y seria, es Macri<\/p>\n<p>&nbsp;<\/p>\n","protected":false},"excerpt":{"rendered":"<p>El retorno de la Rep\u00fablica frente al autoritarismo de las formas y la corrupci\u00f3n del pasado. &nbsp; &nbsp; En el complejo ajedrez pol\u00edtico de la Argentina de 2026, el pa\u00eds&hellip; <\/p>\n","protected":false},"author":7,"featured_media":1183,"comment_status":"open","ping_status":"open","sticky":false,"template":"","format":"standard","meta":{"footnotes":""},"categories":[53,54],"tags":[],"class_list":["post-1182","post","type-post","status-publish","format-standard","has-post-thumbnail","hentry","category-actualidad","category-lo-importante"],"_links":{"self":[{"href":"https:\/\/elrepublicano.ar\/index.php?rest_route=\/wp\/v2\/posts\/1182","targetHints":{"allow":["GET"]}}],"collection":[{"href":"https:\/\/elrepublicano.ar\/index.php?rest_route=\/wp\/v2\/posts"}],"about":[{"href":"https:\/\/elrepublicano.ar\/index.php?rest_route=\/wp\/v2\/types\/post"}],"author":[{"embeddable":true,"href":"https:\/\/elrepublicano.ar\/index.php?rest_route=\/wp\/v2\/users\/7"}],"replies":[{"embeddable":true,"href":"https:\/\/elrepublicano.ar\/index.php?rest_route=%2Fwp%2Fv2%2Fcomments&post=1182"}],"version-history":[{"count":1,"href":"https:\/\/elrepublicano.ar\/index.php?rest_route=\/wp\/v2\/posts\/1182\/revisions"}],"predecessor-version":[{"id":1184,"href":"https:\/\/elrepublicano.ar\/index.php?rest_route=\/wp\/v2\/posts\/1182\/revisions\/1184"}],"wp:featuredmedia":[{"embeddable":true,"href":"https:\/\/elrepublicano.ar\/index.php?rest_route=\/wp\/v2\/media\/1183"}],"wp:attachment":[{"href":"https:\/\/elrepublicano.ar\/index.php?rest_route=%2Fwp%2Fv2%2Fmedia&parent=1182"}],"wp:term":[{"taxonomy":"category","embeddable":true,"href":"https:\/\/elrepublicano.ar\/index.php?rest_route=%2Fwp%2Fv2%2Fcategories&post=1182"},{"taxonomy":"post_tag","embeddable":true,"href":"https:\/\/elrepublicano.ar\/index.php?rest_route=%2Fwp%2Fv2%2Ftags&post=1182"}],"curies":[{"name":"wp","href":"https:\/\/api.w.org\/{rel}","templated":true}]}}