{"id":1193,"date":"2026-04-13T14:32:30","date_gmt":"2026-04-13T17:32:30","guid":{"rendered":"https:\/\/elrepublicano.ar\/?p=1193"},"modified":"2026-04-14T10:42:46","modified_gmt":"2026-04-14T13:42:46","slug":"proyectando-el-futuro","status":"publish","type":"post","link":"https:\/\/elrepublicano.ar\/?p=1193","title":{"rendered":"PROyectando el futuro"},"content":{"rendered":"<p>Mauricio Macri puso primera en la cena de la Fundaci\u00f3n Pensar y comenz\u00f3 a dar los \u201cpr\u00f3ximos pasos\u201d de cara al 2027.<\/p>\n<p>&nbsp;<\/p>\n<p>El expresidente ha decidido retomar formalmente el control del tablero pol\u00edtico argentino, marcando el inicio de una etapa que busca rescatar la identidad del PRO frente a La Libertad Avanza. El epicentro de este relanzamiento tuvo lugar anoche en el Sal\u00f3n Central de La Rural, donde la Fundaci\u00f3n Pensar, el hist\u00f3rico motor de ideas del partido, celebr\u00f3 su cena anual.<\/p>\n<p>El l\u00edder del PRO asegur\u00f3 que: \u201cLo peor que hay es improvisar, Argentina sufri\u00f3 demasiadas improvisaciones\u201d. El expresidente fue el orador principal del encuentro anual que realiz\u00f3 el PRO en La Rural y comparti\u00f3 una charla sobre inteligencia artificial con el divulgador cient\u00edfico Santiago Siri. Mar\u00eda Eugenia Vidal, por su lado, resalt\u00f3: \u201cQueremos ser protagonistas del pr\u00f3ximo paso\u201d<\/p>\n<p>Bajo la organizaci\u00f3n de Mar\u00eda Eugenia Vidal, el evento no solo pretende ser una muestra de musculatura pol\u00edtica, sino tambi\u00e9n una vidriera tecnol\u00f3gica con la inteligencia artificial como eje central, contando incluso con un invitado internacional cuya identidad se ha mantenido bajo estricto hermetismo para garantizar el impacto del anuncio.<\/p>\n<p>Este encuentro en la Capital Federal es apenas el primer paso de una estrategia mucho m\u00e1s ambiciosa: una gira federal que llevar\u00e1 a Macri directamente al coraz\u00f3n del litoral argentino. Con escalas confirmadas en Chaco y Corrientes, el exmandatario busca reconstruir los puentes que las tensiones internas y el surgimiento del fen\u00f3meno libertario debilitaron. En Resistencia, el plan incluye un acto partidario de fuerte impronta juvenil y una reuni\u00f3n clave con el gobernador Leandro Zdero, un aliado que navega en el complejo equilibrio de gestionar bajo la \u00f3rbita de financiamiento de la Casa Rosada mientras mantiene su pertenencia al espacio que lo llev\u00f3 al poder.<\/p>\n<p>Posteriormente, la hoja de ruta marca un desembarco en Corrientes para compartir una cena con el gobernador Juan Pablo Vald\u00e9s y el exmandatario provincial Gustavo Vald\u00e9s. Este movimiento es profundamente simb\u00f3lico y estrat\u00e9gico, ya que ambos l\u00edderes han mostrado signos de distanciamiento con el Gobierno nacional de Javier Milei debido a discrepancias en el reparto de fondos federales. Al acercarse a estos sectores, Macri intenta capitalizar el desgaste de la gesti\u00f3n central y ofrecer al PRO como una alternativa con experiencia de gesti\u00f3n, estructura territorial y, sobre todo, una identidad propia que no dependa exclusivamente de los humores del oficialismo actual.<\/p>\n<p>Tambi\u00e9n ser\u00e1n reuniones importantes para intentar recuperar las alianzas pol\u00edticas que le dieron vida y \u00e9xitos a Juntos por el Cambio.<\/p>\n<p>En definitiva, la reaparici\u00f3n de Mauricio Macri con l\u00f3gica de candidato y autonom\u00eda pol\u00edtica representa un desaf\u00edo directo a la polarizaci\u00f3n vigente. El expresidente entiende que el escenario hacia 2027 requiere un partido fortalecido y ordenado, capaz de negociar desde una posici\u00f3n de poder o de competir con sello propio, mostrando las virtudes de ser republicano.<\/p>\n<p>Esta gira es el comienzo de una reconstrucci\u00f3n que pretende devolverle al PRO el protagonismo, apostando a una red federal que se extienda m\u00e1s all\u00e1 de los l\u00edmites de la General Paz y recupere su lugar en el centro del tablero nacional.<\/p>\n<p>&nbsp;<\/p>\n","protected":false},"excerpt":{"rendered":"<p>Mauricio Macri puso primera en la cena de la Fundaci\u00f3n Pensar y comenz\u00f3 a dar los \u201cpr\u00f3ximos pasos\u201d de cara al 2027. &nbsp; El expresidente ha decidido retomar formalmente el&hellip; <\/p>\n","protected":false},"author":8,"featured_media":1192,"comment_status":"open","ping_status":"open","sticky":false,"template":"","format":"standard","meta":{"footnotes":""},"categories":[53,4],"tags":[],"class_list":["post-1193","post","type-post","status-publish","format-standard","has-post-thumbnail","hentry","category-actualidad","category-politica"],"_links":{"self":[{"href":"https:\/\/elrepublicano.ar\/index.php?rest_route=\/wp\/v2\/posts\/1193","targetHints":{"allow":["GET"]}}],"collection":[{"href":"https:\/\/elrepublicano.ar\/index.php?rest_route=\/wp\/v2\/posts"}],"about":[{"href":"https:\/\/elrepublicano.ar\/index.php?rest_route=\/wp\/v2\/types\/post"}],"author":[{"embeddable":true,"href":"https:\/\/elrepublicano.ar\/index.php?rest_route=\/wp\/v2\/users\/8"}],"replies":[{"embeddable":true,"href":"https:\/\/elrepublicano.ar\/index.php?rest_route=%2Fwp%2Fv2%2Fcomments&post=1193"}],"version-history":[{"count":4,"href":"https:\/\/elrepublicano.ar\/index.php?rest_route=\/wp\/v2\/posts\/1193\/revisions"}],"predecessor-version":[{"id":1198,"href":"https:\/\/elrepublicano.ar\/index.php?rest_route=\/wp\/v2\/posts\/1193\/revisions\/1198"}],"wp:featuredmedia":[{"embeddable":true,"href":"https:\/\/elrepublicano.ar\/index.php?rest_route=\/wp\/v2\/media\/1192"}],"wp:attachment":[{"href":"https:\/\/elrepublicano.ar\/index.php?rest_route=%2Fwp%2Fv2%2Fmedia&parent=1193"}],"wp:term":[{"taxonomy":"category","embeddable":true,"href":"https:\/\/elrepublicano.ar\/index.php?rest_route=%2Fwp%2Fv2%2Fcategories&post=1193"},{"taxonomy":"post_tag","embeddable":true,"href":"https:\/\/elrepublicano.ar\/index.php?rest_route=%2Fwp%2Fv2%2Ftags&post=1193"}],"curies":[{"name":"wp","href":"https:\/\/api.w.org\/{rel}","templated":true}]}}