{"id":1407,"date":"2026-04-23T15:14:24","date_gmt":"2026-04-23T18:14:24","guid":{"rendered":"https:\/\/elrepublicano.ar\/?p=1407"},"modified":"2026-04-23T15:14:24","modified_gmt":"2026-04-23T18:14:24","slug":"finde-en-linda-con-colapinto","status":"publish","type":"post","link":"https:\/\/elrepublicano.ar\/?p=1407","title":{"rendered":"Finde en &#8220;LINDA&#8221; con Colapinto"},"content":{"rendered":"<p>Colapinto acelerar\u00e1 con un F1 por Palermo, empieza el evento literario m\u00e1s convocante del mundo hispano, y el BAFICI entra en su recta final.<\/p>\n<p>&nbsp;<\/p>\n<p>\ud83c\udfc1 Colapinto, a toda velocidad<br \/>\nA partir de las 9 del domingo se podr\u00e1 entrar a los sectores habilitados para ver la demostraci\u00f3n de Franco Colapinto acelerando un coche de F\u00f3rmula 1 por las calles de Palermo. Habr\u00e1 dos grandes escenarios con pantallas gigantes en las plazas Seeber y Sicilia (Av. Del Libertador y Av. Sarmiento), donde se podr\u00e1n ver los giros de Franco desde distintos \u00e1ngulos. Tambi\u00e9n se presentar\u00e1n DJs y la Orquesta Sinf\u00f3nica de la Ciudad. Recomiendan llegar al lugar en transporte p\u00fablico. No est\u00e1 permitido acampar ni llevar paraguas, y la venta ambulante estar\u00e1 prohibida. No se suspende por lluvia.<\/p>\n<p>\ud83d\udcda La Feria del Libro abre sus puertas<br \/>\nDesde este jueves y hasta el 11 de mayo, la Rural (Av. Santa Fe 4201) ser\u00e1 la sede de la cultura universal con la edici\u00f3n 50\u00b0 de la Feria Internacional del Libro de Buenos Aires, el evento editorial y literario m\u00e1s concurrido del mundo hispano. Contar\u00e1 con la presencia de dos Premios Nobel: el sudafricano J.M. Coetzee y el chino Mo Yan, adem\u00e1s de autores como Arturo P\u00e9rez Reverte y Leonardo Padura. La programaci\u00f3n incluye muestras con dibujos de Roberto Fontanarrosa y un homenaje a los libros prohibidos por la \u00faltima dictadura. Y el s\u00e1bado ser\u00e1 la Noche de la Ciudad, con entrada gratuita desde las 20. Toda la informaci\u00f3n se puede consultar en feriadellibro.ar<\/p>\n<p>\ud83c\udfad Corrientes 24: homenaje a Luis Brandoni<br \/>\nEste s\u00e1bado la nueva edici\u00f3n de Corrientes 24hs rendir\u00e1 homenaje a Luis Brandoni con la proyecci\u00f3n a cielo abierto de las pel\u00edculas \u201cEsperando la carroza\u201d (20.15 hs), \u201cEl cuento de las comadrejas\u201d (22.10 hs) y \u201cParque Lezama\u201d (00.30 hs), que el actor protagoniz\u00f3 en distintas etapas de su trayectoria. La avenida ser\u00e1 peatonal, entre Libertad y Cerrito: los comercios gastron\u00f3micos tendr\u00e1n descuentos especiales y estar\u00e1n abiertos hasta las 3.<\/p>\n<p>\ud83c\uddee\ud83c\uddf9 Llega la carrera para los amantes de Italia<br \/>\nSe lanza una nueva edici\u00f3n de MaraTANA, la carrera que une a la comunidad italiana en Buenos Aires. Habr\u00e1 de 15k, 10k y 3k, adem\u00e1s de m\u00fasica y actividades recreativas. Las dos distancias m\u00e1s extensas largan a las 8 y la restante, a las 10. Ser\u00e1 el domingo en Av. De Los Italianos y Marta Lynch. La inscripci\u00f3n est\u00e1 abierta en https:\/\/shorturl.at\/3e7aA<\/p>\n<p>\ud83c\udfac Sigue la fiesta del cine independiente<br \/>\nEste domingo ser\u00e1 el \u00faltimo d\u00eda del BAFICI, el festival de cine independiente m\u00e1s importante de Latinoam\u00e9rica. El evento cin\u00e9filo entra en su recta final con estrenos, rescates y muchas actividades para disfrutar lo mejor del s\u00e9ptimo arte. Hay nueve sedes y las entradas para todas las funciones est\u00e1n disponibles en bafici.org o en la boleter\u00eda del Teatro San Mart\u00edn (Av. Corrientes 1530).<\/p>\n<p>\ud83c\udfa8 Una noche para recorrer las galer\u00edas de Retiro<br \/>\nM\u00e1s de 50 espacios abrir\u00e1n sus puertas para que los vecinos puedan adentrarse en la identidad de Retiro. La propuesta re\u00fane a m\u00e1s de 50 galer\u00edas, trastiendas, talleres de artistas y espacios culturales, y propone cuatro circuitos que atraviesan las calles Arroyo, Florida, Suipacha y Reconquista. Se har\u00e1 este viernes, de 18 a 22. Toda la informaci\u00f3n se puede consultar en buenosaires.gob.ar\/DescubrirBA<\/p>\n<p>\ud83c\udde6\ud83c\uddf7 La historia del Subte y las Islas Malvinas<br \/>\nEl Museo del Subte (Av. del Barco Centenera 777) abre sus puertas para conocer la historia del Subte a trav\u00e9s de la exhibici\u00f3n de un coche de principios de siglo XX, cer\u00e1micas originales y equipamiento que sol\u00eda estar en las estaciones. Tambi\u00e9n habr\u00e1 paseos en tranv\u00eda y la jornada se completar\u00e1 con un homenaje especial a los H\u00e9roes de Malvinas. Se har\u00e1 este s\u00e1bado, de 12 a 19.<\/p>\n<p>&nbsp;<\/p>\n","protected":false},"excerpt":{"rendered":"<p>Colapinto acelerar\u00e1 con un F1 por Palermo, empieza el evento literario m\u00e1s convocante del mundo hispano, y el BAFICI entra en su recta final. &nbsp; \ud83c\udfc1 Colapinto, a toda velocidad&hellip; <\/p>\n","protected":false},"author":8,"featured_media":1408,"comment_status":"open","ping_status":"open","sticky":false,"template":"","format":"standard","meta":{"footnotes":""},"categories":[6],"tags":[],"class_list":["post-1407","post","type-post","status-publish","format-standard","has-post-thumbnail","hentry","category-sociedad"],"_links":{"self":[{"href":"https:\/\/elrepublicano.ar\/index.php?rest_route=\/wp\/v2\/posts\/1407","targetHints":{"allow":["GET"]}}],"collection":[{"href":"https:\/\/elrepublicano.ar\/index.php?rest_route=\/wp\/v2\/posts"}],"about":[{"href":"https:\/\/elrepublicano.ar\/index.php?rest_route=\/wp\/v2\/types\/post"}],"author":[{"embeddable":true,"href":"https:\/\/elrepublicano.ar\/index.php?rest_route=\/wp\/v2\/users\/8"}],"replies":[{"embeddable":true,"href":"https:\/\/elrepublicano.ar\/index.php?rest_route=%2Fwp%2Fv2%2Fcomments&post=1407"}],"version-history":[{"count":1,"href":"https:\/\/elrepublicano.ar\/index.php?rest_route=\/wp\/v2\/posts\/1407\/revisions"}],"predecessor-version":[{"id":1409,"href":"https:\/\/elrepublicano.ar\/index.php?rest_route=\/wp\/v2\/posts\/1407\/revisions\/1409"}],"wp:featuredmedia":[{"embeddable":true,"href":"https:\/\/elrepublicano.ar\/index.php?rest_route=\/wp\/v2\/media\/1408"}],"wp:attachment":[{"href":"https:\/\/elrepublicano.ar\/index.php?rest_route=%2Fwp%2Fv2%2Fmedia&parent=1407"}],"wp:term":[{"taxonomy":"category","embeddable":true,"href":"https:\/\/elrepublicano.ar\/index.php?rest_route=%2Fwp%2Fv2%2Fcategories&post=1407"},{"taxonomy":"post_tag","embeddable":true,"href":"https:\/\/elrepublicano.ar\/index.php?rest_route=%2Fwp%2Fv2%2Ftags&post=1407"}],"curies":[{"name":"wp","href":"https:\/\/api.w.org\/{rel}","templated":true}]}}