{"id":1421,"date":"2026-04-24T14:36:26","date_gmt":"2026-04-24T17:36:26","guid":{"rendered":"https:\/\/elrepublicano.ar\/?p=1421"},"modified":"2026-04-24T14:36:26","modified_gmt":"2026-04-24T17:36:26","slug":"las-invasiones-libertarias","status":"publish","type":"post","link":"https:\/\/elrepublicano.ar\/?p=1421","title":{"rendered":"Las invasiones libertarias"},"content":{"rendered":"<p>La \u201cJefa Karina\u201d pugna por conquistar la ciudad de Buenos Aires intentando un armado pol\u00edtico con la mira puesta en el 2027, pero su mejor candidato no puede explicar su nivel de vida.<\/p>\n<p>&nbsp;<\/p>\n<p>La convivencia pol\u00edtica en la Ciudad Aut\u00f3noma de Buenos Aires atraviesa un momento de alta tensi\u00f3n, donde el PRO y La Libertad Avanza (LLA) se miden en un duelo de identidades y prioridades legislativas. En el centro de la escena aparece Karina Milei, quien con su reciente despliegue territorial parece haber llegado a la Ciudad no solo como armadora nacional, sino como una visitante entusiasta que pretende reordenar una casa que ya tiene due\u00f1o. Esta incursi\u00f3n, le\u00edda con cierta iron\u00eda en los pasillos de Uspallata, sit\u00faa a la &#8220;Jefa&#8221; en un rol de organizadora de un consorcio ajeno, impulsando reformas que chocan de frente con la tradici\u00f3n de gesti\u00f3n del macrismo porte\u00f1o.<\/p>\n<p>El punto de fricci\u00f3n m\u00e1s evidente es la reforma electoral. Mientras el bloque libertario, liderado por Pilar Ram\u00edrez, presiona para eliminar las PASO bajo la bandera del ahorro fiscal y el fin de los &#8220;caprichos pol\u00edticos&#8221;, el PRO mantiene una postura m\u00e1s institucional y cauta. Jorge Macri ha sido el encargado de poner equilibrio a la discusi\u00f3n, defendiendo la utilidad de las primarias para los cargos ejecutivos. El Jefe de Gobierno sostiene que las PASO son una herramienta valiosa para que la sociedad dirima candidaturas evitando que la pol\u00edtica se cierre sobre s\u00ed misma.<\/p>\n<p>Con una l\u00f3gica punzante, Macri advirti\u00f3 sobre el peligro de reducir el debate democr\u00e1tico a una simple planilla de Excel. &#8220;Estar en una sociedad democr\u00e1tica tiene un costo&#8221;, se\u00f1al\u00f3, equiparando la inversi\u00f3n en el sistema electoral con el presupuesto destinado al SAME, la educaci\u00f3n p\u00fablica o la seguridad. Para el PRO, la eficiencia no debe confundirse con el desmantelamiento de procesos que garantizan la participaci\u00f3n. En este escenario, la Ciudad se convierte en el tablero donde se define si prevalece el \u00edmpetu refundacional de los reci\u00e9n llegados o la experiencia de una fuerza que se niega a ser invadida en su propio distrito.<\/p>\n<p>&nbsp;<\/p>\n","protected":false},"excerpt":{"rendered":"<p>La \u201cJefa Karina\u201d pugna por conquistar la ciudad de Buenos Aires intentando un armado pol\u00edtico con la mira puesta en el 2027, pero su mejor candidato no puede explicar su&hellip; <\/p>\n","protected":false},"author":8,"featured_media":1422,"comment_status":"open","ping_status":"open","sticky":false,"template":"","format":"standard","meta":{"footnotes":""},"categories":[4],"tags":[],"class_list":["post-1421","post","type-post","status-publish","format-standard","has-post-thumbnail","hentry","category-politica"],"_links":{"self":[{"href":"https:\/\/elrepublicano.ar\/index.php?rest_route=\/wp\/v2\/posts\/1421","targetHints":{"allow":["GET"]}}],"collection":[{"href":"https:\/\/elrepublicano.ar\/index.php?rest_route=\/wp\/v2\/posts"}],"about":[{"href":"https:\/\/elrepublicano.ar\/index.php?rest_route=\/wp\/v2\/types\/post"}],"author":[{"embeddable":true,"href":"https:\/\/elrepublicano.ar\/index.php?rest_route=\/wp\/v2\/users\/8"}],"replies":[{"embeddable":true,"href":"https:\/\/elrepublicano.ar\/index.php?rest_route=%2Fwp%2Fv2%2Fcomments&post=1421"}],"version-history":[{"count":1,"href":"https:\/\/elrepublicano.ar\/index.php?rest_route=\/wp\/v2\/posts\/1421\/revisions"}],"predecessor-version":[{"id":1423,"href":"https:\/\/elrepublicano.ar\/index.php?rest_route=\/wp\/v2\/posts\/1421\/revisions\/1423"}],"wp:featuredmedia":[{"embeddable":true,"href":"https:\/\/elrepublicano.ar\/index.php?rest_route=\/wp\/v2\/media\/1422"}],"wp:attachment":[{"href":"https:\/\/elrepublicano.ar\/index.php?rest_route=%2Fwp%2Fv2%2Fmedia&parent=1421"}],"wp:term":[{"taxonomy":"category","embeddable":true,"href":"https:\/\/elrepublicano.ar\/index.php?rest_route=%2Fwp%2Fv2%2Fcategories&post=1421"},{"taxonomy":"post_tag","embeddable":true,"href":"https:\/\/elrepublicano.ar\/index.php?rest_route=%2Fwp%2Fv2%2Ftags&post=1421"}],"curies":[{"name":"wp","href":"https:\/\/api.w.org\/{rel}","templated":true}]}}