{"id":1438,"date":"2026-04-26T10:26:29","date_gmt":"2026-04-26T13:26:29","guid":{"rendered":"https:\/\/elrepublicano.ar\/?p=1438"},"modified":"2026-04-26T10:28:02","modified_gmt":"2026-04-26T13:28:02","slug":"tarjetas-vencidas","status":"publish","type":"post","link":"https:\/\/elrepublicano.ar\/?p=1438","title":{"rendered":"Tarjetas vencidas"},"content":{"rendered":"<p>Javier Milei atraviesa su hora m\u00e1s cr\u00edtica frente al poder econ\u00f3mico real tanto nacional como internacional y no logra afirmarse ante un futuro que asoma complejo y agotado.<\/p>\n<p>&nbsp;<\/p>\n<p>Pasado el impacto inicial de su llegada al poder, el idilio con los mercados y el establishment empresarial ha comenzado a mutar en una impaciencia palpable. El denominado &#8220;c\u00edrculo rojo&#8221; dom\u00e9stico, liderado por figuras de peso como Paolo Rocca, ha pasado de la observaci\u00f3n expectante a la acci\u00f3n directa, acelerando armados pol\u00edticos paralelos ante la evidente fragilidad legislativa del oficialismo. La par\u00e1lisis en el Congreso, donde las reformas estructurales naufragan por falta de votos y pericia negociadora, ha dejado al descubierto que el cr\u00e9dito electoral obtenido en las urnas se agota m\u00e1s r\u00e1pido de lo previsto.<\/p>\n<p>A nivel internacional, la desconfianza ha reemplazado al entusiasmo inicial de Wall Street. Si bien el ajuste fiscal de Luis Caputo es reconocido por su rigor, los grandes fondos de inversi\u00f3n y organismos multilaterales en Washington plantean un interrogante sombr\u00edo: la sustentabilidad. Las dudas sobre la capacidad de Argentina para afrontar los pesados vencimientos de deuda hacia 2027, en un contexto de creciente conflictividad social y debilidad institucional, han enfriado las promesas de inversi\u00f3n. El reciente viaje presidencial a Nueva York, lejos de consolidar lazos, dej\u00f3 un sabor amargo entre los l\u00edderes del establishment mundial, quienes percibieron una desconexi\u00f3n entre la ret\u00f3rica del mandatario y la realidad pol\u00edtica de un Gobierno que no logra imponer su agenda.<\/p>\n<p>Hoy, la gesti\u00f3n de Milei baila al ritmo de una incertidumbre que \u00e9l mismo alimenta. La prenda de negociaci\u00f3n con los gobernadores, fondos a cambio de leyes, revela un sistema que se resiste a ser doblegado por el &#8220;fetiche&#8221; de la reforma electoral. Sin mayor\u00edas parlamentarias y con aliados que, como reconoce Patricia Bullrich, dudan en dar apoyo, el Presidente se enfrenta al desaf\u00edo de demostrar que su modelo es algo m\u00e1s que una seguidilla de anuncios medi\u00e1ticos. El poder econ\u00f3mico, ese motor que Milei pretend\u00eda liberar, hoy observa con cautela un horizonte donde la falta de certezas sobre el futuro inmediato pesa mucho m\u00e1s que los super\u00e1vits del presente. La industria pesada enfrenta una crisis terminal con una ca\u00edda del 8,7% y el cierre de miles de empresas, agravada por ataques presidenciales a figuras como Paolo Rocca. Mientras tanto, el FMI aprob\u00f3 recientemente un desembolso de 1.000 millones de d\u00f3lares. Sin embargo, persiste la desconfianza global sobre la capacidad de pago argentina ante un muro de vencimientos de 19.000 millones de d\u00f3lares previstos para 2027.<\/p>\n<p>&nbsp;<\/p>\n<p>&nbsp;<\/p>\n","protected":false},"excerpt":{"rendered":"<p>Javier Milei atraviesa su hora m\u00e1s cr\u00edtica frente al poder econ\u00f3mico real tanto nacional como internacional y no logra afirmarse ante un futuro que asoma complejo y agotado. &nbsp; Pasado&hellip; <\/p>\n","protected":false},"author":8,"featured_media":1437,"comment_status":"open","ping_status":"open","sticky":false,"template":"","format":"standard","meta":{"footnotes":""},"categories":[5],"tags":[],"class_list":["post-1438","post","type-post","status-publish","format-standard","has-post-thumbnail","hentry","category-economia"],"_links":{"self":[{"href":"https:\/\/elrepublicano.ar\/index.php?rest_route=\/wp\/v2\/posts\/1438","targetHints":{"allow":["GET"]}}],"collection":[{"href":"https:\/\/elrepublicano.ar\/index.php?rest_route=\/wp\/v2\/posts"}],"about":[{"href":"https:\/\/elrepublicano.ar\/index.php?rest_route=\/wp\/v2\/types\/post"}],"author":[{"embeddable":true,"href":"https:\/\/elrepublicano.ar\/index.php?rest_route=\/wp\/v2\/users\/8"}],"replies":[{"embeddable":true,"href":"https:\/\/elrepublicano.ar\/index.php?rest_route=%2Fwp%2Fv2%2Fcomments&post=1438"}],"version-history":[{"count":2,"href":"https:\/\/elrepublicano.ar\/index.php?rest_route=\/wp\/v2\/posts\/1438\/revisions"}],"predecessor-version":[{"id":1440,"href":"https:\/\/elrepublicano.ar\/index.php?rest_route=\/wp\/v2\/posts\/1438\/revisions\/1440"}],"wp:featuredmedia":[{"embeddable":true,"href":"https:\/\/elrepublicano.ar\/index.php?rest_route=\/wp\/v2\/media\/1437"}],"wp:attachment":[{"href":"https:\/\/elrepublicano.ar\/index.php?rest_route=%2Fwp%2Fv2%2Fmedia&parent=1438"}],"wp:term":[{"taxonomy":"category","embeddable":true,"href":"https:\/\/elrepublicano.ar\/index.php?rest_route=%2Fwp%2Fv2%2Fcategories&post=1438"},{"taxonomy":"post_tag","embeddable":true,"href":"https:\/\/elrepublicano.ar\/index.php?rest_route=%2Fwp%2Fv2%2Ftags&post=1438"}],"curies":[{"name":"wp","href":"https:\/\/api.w.org\/{rel}","templated":true}]}}