{"id":476,"date":"2025-12-11T17:03:24","date_gmt":"2025-12-11T20:03:24","guid":{"rendered":"https:\/\/minutopolitico.ar\/?p=476"},"modified":"2025-12-11T17:03:24","modified_gmt":"2025-12-11T20:03:24","slug":"la-ciudad-recupero-uno-de-sus-grandes-iconos-y-lo-celebra-con-una-fiesta","status":"publish","type":"post","link":"https:\/\/elrepublicano.ar\/?p=476","title":{"rendered":"La Ciudad recuper\u00f3 uno de sus grandes \u00edconos y lo celebra con una fiesta"},"content":{"rendered":"<p><img loading=\"lazy\" decoding=\"async\" class=\"alignnone size-medium wp-image-477\" src=\"https:\/\/elrepublicano.ar\/wp-content\/uploads\/2025\/12\/IMG_7573-300x171.jpeg\" alt=\"\" width=\"300\" height=\"171\" srcset=\"https:\/\/elrepublicano.ar\/wp-content\/uploads\/2025\/12\/IMG_7573-300x171.jpeg 300w, https:\/\/elrepublicano.ar\/wp-content\/uploads\/2025\/12\/IMG_7573.jpeg 747w\" sizes=\"auto, (max-width: 300px) 100vw, 300px\" \/><\/p>\n<p>Los dos p\u00e9talos de la escultura cin\u00e9tica Floralis Gen\u00e9rica, da\u00f1ados por una tormenta en diciembre de 2023, volvieron a su estructura original. Para eso, atravesaron una larga odisea que incluy\u00f3 viajes por tierra y por agua, complejas t\u00e9cnicas de restauraci\u00f3n y puestas en valor, para finalmente retornar a su lugar en la plaza Naciones Unidas de Recoleta. El lunes pasado, el \u00faltimo p\u00e9talo recuperado fue montado, y la obra recobr\u00f3 su forma original.<\/p>\n<p>Para llegar a este ansiado momento, el camino ha sido largo. Los p\u00e9talos fueron restaurados en una metal\u00fargica en Baradero, provincia de Buenos Aires, donde un grupo de especialistas, liderados por ingenieros aeron\u00e1uticos \u2013la escultura posee la estructura de un ala de avi\u00f3n- trabaj\u00f3 durante meses para devolverles su esplendor original.<\/p>\n<p>En octubre, el primer p\u00e9talo finalizado, emprendi\u00f3 la larga traves\u00eda para volver a casa. Recorri\u00f3 los 150 kil\u00f3metros que separan a Baradero de Buenos Aires, por tierra y por r\u00edo, navegando por el Paran\u00e1 y el R\u00edo de la Plata. Y una vez arribado a la Ciudad, fue instalado en el tallo, animando la esperanza de ver la obra concluida.<\/p>\n<p>El mismo trayecto realiz\u00f3 el segundo p\u00e9talo, el pasado fin de semana largo, volviendo a protagonizar un cuidado operativo log\u00edstico que incluy\u00f3 primero, una gr\u00faa que lo iz\u00f3 hasta un cami\u00f3n carret\u00f3n, dise\u00f1ado para soportar su peso y dimensiones, y luego, un traslado al puerto de Baradero, donde nuevamente fue izado y colocado en una barcaza. Desde all\u00ed zarp\u00f3 rumbo al Puerto de Buenos Aires, donde otra gr\u00faa lo descarg\u00f3 para realizar esta vez su \u00faltimo tramo por tierra hasta la plaza ubicada en Recoleta, dando por concluido el complejo proceso de restauraci\u00f3n.<\/p>\n<p>La obra ser\u00e1 iluminada con una nueva ingenier\u00eda de luces para que luzca como nunca. Ser\u00e1 el broche de oro de la fiesta con la que la Ciudad celebrar\u00e1 el regreso del \u00edcono porte\u00f1o, el s\u00e1bado 13, desde el mediod\u00eda hasta el anochecer.<\/p>\n","protected":false},"excerpt":{"rendered":"<p>Los dos p\u00e9talos de la escultura cin\u00e9tica Floralis Gen\u00e9rica, da\u00f1ados por una tormenta en diciembre de 2023, volvieron a su estructura original. Para eso, atravesaron una larga odisea que incluy\u00f3&hellip; <\/p>\n","protected":false},"author":1,"featured_media":477,"comment_status":"open","ping_status":"open","sticky":false,"template":"","format":"standard","meta":{"footnotes":""},"categories":[6],"tags":[],"class_list":["post-476","post","type-post","status-publish","format-standard","has-post-thumbnail","hentry","category-sociedad"],"_links":{"self":[{"href":"https:\/\/elrepublicano.ar\/index.php?rest_route=\/wp\/v2\/posts\/476","targetHints":{"allow":["GET"]}}],"collection":[{"href":"https:\/\/elrepublicano.ar\/index.php?rest_route=\/wp\/v2\/posts"}],"about":[{"href":"https:\/\/elrepublicano.ar\/index.php?rest_route=\/wp\/v2\/types\/post"}],"author":[{"embeddable":true,"href":"https:\/\/elrepublicano.ar\/index.php?rest_route=\/wp\/v2\/users\/1"}],"replies":[{"embeddable":true,"href":"https:\/\/elrepublicano.ar\/index.php?rest_route=%2Fwp%2Fv2%2Fcomments&post=476"}],"version-history":[{"count":1,"href":"https:\/\/elrepublicano.ar\/index.php?rest_route=\/wp\/v2\/posts\/476\/revisions"}],"predecessor-version":[{"id":478,"href":"https:\/\/elrepublicano.ar\/index.php?rest_route=\/wp\/v2\/posts\/476\/revisions\/478"}],"wp:featuredmedia":[{"embeddable":true,"href":"https:\/\/elrepublicano.ar\/index.php?rest_route=\/wp\/v2\/media\/477"}],"wp:attachment":[{"href":"https:\/\/elrepublicano.ar\/index.php?rest_route=%2Fwp%2Fv2%2Fmedia&parent=476"}],"wp:term":[{"taxonomy":"category","embeddable":true,"href":"https:\/\/elrepublicano.ar\/index.php?rest_route=%2Fwp%2Fv2%2Fcategories&post=476"},{"taxonomy":"post_tag","embeddable":true,"href":"https:\/\/elrepublicano.ar\/index.php?rest_route=%2Fwp%2Fv2%2Ftags&post=476"}],"curies":[{"name":"wp","href":"https:\/\/api.w.org\/{rel}","templated":true}]}}