{"id":484,"date":"2025-12-20T15:11:44","date_gmt":"2025-12-20T18:11:44","guid":{"rendered":"https:\/\/minutopolitico.ar\/?p=484"},"modified":"2025-12-20T15:11:44","modified_gmt":"2025-12-20T18:11:44","slug":"la-ciudad-prohibio-el-uso-de-la-pirotecnia-sonora","status":"publish","type":"post","link":"https:\/\/elrepublicano.ar\/?p=484","title":{"rendered":"La Ciudad prohibi\u00f3 el uso de la pirotecnia sonora"},"content":{"rendered":"<p>Jorge Macri anunci\u00f3 la medida en sus redes sociales.<\/p>\n<p>&nbsp;<\/p>\n<p><img loading=\"lazy\" decoding=\"async\" class=\"alignnone wp-image-485\" src=\"https:\/\/elrepublicano.ar\/wp-content\/uploads\/2025\/12\/Jorge-Macri-Foto-NA-Daniel-Vides-300x169.jpg\" alt=\"\" width=\"1200\" height=\"675\" srcset=\"https:\/\/elrepublicano.ar\/wp-content\/uploads\/2025\/12\/Jorge-Macri-Foto-NA-Daniel-Vides-300x169.jpg 300w, https:\/\/elrepublicano.ar\/wp-content\/uploads\/2025\/12\/Jorge-Macri-Foto-NA-Daniel-Vides-1024x576.jpg 1024w, https:\/\/elrepublicano.ar\/wp-content\/uploads\/2025\/12\/Jorge-Macri-Foto-NA-Daniel-Vides-768x432.jpg 768w, https:\/\/elrepublicano.ar\/wp-content\/uploads\/2025\/12\/Jorge-Macri-Foto-NA-Daniel-Vides.jpg 1050w\" sizes=\"auto, (max-width: 1200px) 100vw, 1200px\" \/><\/p>\n<p>&nbsp;<\/p>\n<p>El jefe de Gobierno porte\u00f1o,\u00a0<strong>Jorge Macri<\/strong>, anunci\u00f3\u00a0<strong>la prohibici\u00f3n de la pirotecnia sonora en los barrios de la Ciudad de Buenos Aires.<\/strong><\/p>\n<p>A trav\u00e9s de un posteo en su cuenta de la red social X y al que accedi\u00f3 la\u00a0<a href=\"https:\/\/es.wikipedia.org\/wiki\/Noticias_Argentinas\" target=\"_blank\" rel=\"noopener nofollow\"><strong>Agencia Noticias Argentinas<\/strong><\/a>, Macri remarc\u00f3:\u00a0<i><strong>\u201cProhibimos el uso de pirotecnia con efecto audible en toda la Ciudad\u201d.<\/strong><\/i><\/p>\n<p>&nbsp;<\/p>\n<p>&nbsp;<\/p>\n<blockquote class=\"twitter-tweet\">\n<p dir=\"ltr\" lang=\"es\">Prohibimos el uso de pirotecnia con efecto audible en toda la Ciudad.<\/p>\n<p>La pirotecnia sonora afecta la salud de personas mayores, personas con TEA y beb\u00e9s. Adem\u00e1s, provoca da\u00f1os a los animales y al ecosistema.<\/p>\n<p>Esta decisi\u00f3n tambi\u00e9n responde a un pedido que escuchamos de forma\u2026<\/p>\n<p>\u2014 Jorge Macri (@jorgemacri) <a href=\"https:\/\/twitter.com\/jorgemacri\/status\/2002112011384107439?ref_src=twsrc%5Etfw\">December 19, 2025<\/a><\/p><\/blockquote>\n<p><script async src=\"https:\/\/platform.twitter.com\/widgets.js\" charset=\"utf-8\"><\/script><\/p>\n<p>&nbsp;<\/p>\n<p>En este sentido, el funcionario indic\u00f3 que los estruendos\u00a0<i><strong>\u201cafectan la salud de personas mayores, personas con TEA y beb\u00e9s. Adem\u00e1s, provoca da\u00f1os a los animales y al ecosistema&#8221;.<\/strong><\/i><\/p>\n<p><i>&#8220;Esta decisi\u00f3n tambi\u00e9n responde a un pedido que escuchamos de forma recurrente en las reuniones de vecinos&#8221;<\/i>, concluy\u00f3.<\/p>\n","protected":false},"excerpt":{"rendered":"<p>Jorge Macri anunci\u00f3 la medida en sus redes sociales. &nbsp; &nbsp; El jefe de Gobierno porte\u00f1o,\u00a0Jorge Macri, anunci\u00f3\u00a0la prohibici\u00f3n de la pirotecnia sonora en los barrios de la Ciudad de&hellip; <\/p>\n","protected":false},"author":1,"featured_media":485,"comment_status":"open","ping_status":"open","sticky":false,"template":"","format":"standard","meta":{"footnotes":""},"categories":[4],"tags":[],"class_list":["post-484","post","type-post","status-publish","format-standard","has-post-thumbnail","hentry","category-politica"],"_links":{"self":[{"href":"https:\/\/elrepublicano.ar\/index.php?rest_route=\/wp\/v2\/posts\/484","targetHints":{"allow":["GET"]}}],"collection":[{"href":"https:\/\/elrepublicano.ar\/index.php?rest_route=\/wp\/v2\/posts"}],"about":[{"href":"https:\/\/elrepublicano.ar\/index.php?rest_route=\/wp\/v2\/types\/post"}],"author":[{"embeddable":true,"href":"https:\/\/elrepublicano.ar\/index.php?rest_route=\/wp\/v2\/users\/1"}],"replies":[{"embeddable":true,"href":"https:\/\/elrepublicano.ar\/index.php?rest_route=%2Fwp%2Fv2%2Fcomments&post=484"}],"version-history":[{"count":1,"href":"https:\/\/elrepublicano.ar\/index.php?rest_route=\/wp\/v2\/posts\/484\/revisions"}],"predecessor-version":[{"id":486,"href":"https:\/\/elrepublicano.ar\/index.php?rest_route=\/wp\/v2\/posts\/484\/revisions\/486"}],"wp:featuredmedia":[{"embeddable":true,"href":"https:\/\/elrepublicano.ar\/index.php?rest_route=\/wp\/v2\/media\/485"}],"wp:attachment":[{"href":"https:\/\/elrepublicano.ar\/index.php?rest_route=%2Fwp%2Fv2%2Fmedia&parent=484"}],"wp:term":[{"taxonomy":"category","embeddable":true,"href":"https:\/\/elrepublicano.ar\/index.php?rest_route=%2Fwp%2Fv2%2Fcategories&post=484"},{"taxonomy":"post_tag","embeddable":true,"href":"https:\/\/elrepublicano.ar\/index.php?rest_route=%2Fwp%2Fv2%2Ftags&post=484"}],"curies":[{"name":"wp","href":"https:\/\/api.w.org\/{rel}","templated":true}]}}