{"id":488,"date":"2025-12-24T13:30:59","date_gmt":"2025-12-24T16:30:59","guid":{"rendered":"https:\/\/minutopolitico.ar\/?p=488"},"modified":"2025-12-24T13:30:59","modified_gmt":"2025-12-24T16:30:59","slug":"jorge-macri-sobre-la-coparticipacion-todavia-podemos-llegar-a-un-acuerdo","status":"publish","type":"post","link":"https:\/\/elrepublicano.ar\/?p=488","title":{"rendered":"Jorge Macri, sobre la coparticipaci\u00f3n: \u201cTodav\u00eda podemos llegar a un acuerdo\u201d"},"content":{"rendered":"<p>Sin embargo, afirm\u00f3 que la \u201cCorte va a estar siempre como alternativa\u201d<\/p>\n<p>&nbsp;<\/p>\n<figure id=\"attachment_489\" aria-describedby=\"caption-attachment-489\" style=\"width: 1200px\" class=\"wp-caption alignnone\"><img loading=\"lazy\" decoding=\"async\" class=\"wp-image-489\" src=\"https:\/\/elrepublicano.ar\/wp-content\/uploads\/2025\/12\/Jorge-Macri-300x169.jpg\" alt=\"\" width=\"1200\" height=\"675\" srcset=\"https:\/\/elrepublicano.ar\/wp-content\/uploads\/2025\/12\/Jorge-Macri-300x169.jpg 300w, https:\/\/elrepublicano.ar\/wp-content\/uploads\/2025\/12\/Jorge-Macri-1024x576.jpg 1024w, https:\/\/elrepublicano.ar\/wp-content\/uploads\/2025\/12\/Jorge-Macri-768x432.jpg 768w, https:\/\/elrepublicano.ar\/wp-content\/uploads\/2025\/12\/Jorge-Macri.jpg 1200w\" sizes=\"auto, (max-width: 1200px) 100vw, 1200px\" \/><figcaption id=\"caption-attachment-489\" class=\"wp-caption-text\">El jefe de Gobierno porte\u00f1o, Jorge Macri<\/figcaption><\/figure>\n<p>&nbsp;<\/p>\n<p>El jefe de Gobierno porte\u00f1o,\u00a0<strong>Jorge Macri<\/strong>, se mostr\u00f3 este mi\u00e9rcoles optimista por la<strong>\u00a0resoluci\u00f3n del conflicto con la coparticipaci\u00f3n\u00a0<\/strong>que la Ciudad de Buenos Aires tiene abierto con el Estado nacional, aunque no descart\u00f3 insistir en la Corte Suprema.<\/p>\n<p>&#8220;Tenemos que lograr con el Presidente y su equipo un acuerdo que nos permita evitar eso (la Corte), entendiendo al Gobierno y la gente, pero hay que respetar los derechos de la Ciudad&#8221;, dijo Macri en di\u00e1logo con Esta Ma\u00f1ana, el programa que se emite por Radio Rivadavia.<\/p>\n<p>En esa l\u00ednea, continu\u00f3: \u201c<strong>Podemos acompa\u00f1ar y aceptar formas de pago que le sirvan a la Ciudad<\/strong>, pero en una parte menor y que no se renuncie al derecho genuino de 3 millones de porte\u00f1os\u201d.<\/p>\n<p>&#8220;<strong>La Corte va a estar siempre como alternativa, pero tengo que tratar de encontrar una soluci\u00f3n que no sea romper lanzas. Voy a tartar de no llegar a un conflicto profundo. Esa opci\u00f3n siempre est\u00e1<\/strong>&#8220;, resalt\u00f3 Jorge Macri.<\/p>\n<p>Para finalizar, se mostr\u00f3 optimista con llegar a acuerdo con el equipo que encabeza el ministro de Econom\u00eda, Luis Caputo: &#8220;Todav\u00eda creo que podemos tratar de llegar a un acuerdo, y la voluntad siempre est\u00e1. Hablamos dos o tres veces por semana&#8221;.<\/p>\n","protected":false},"excerpt":{"rendered":"<p>Sin embargo, afirm\u00f3 que la \u201cCorte va a estar siempre como alternativa\u201d &nbsp; &nbsp; El jefe de Gobierno porte\u00f1o,\u00a0Jorge Macri, se mostr\u00f3 este mi\u00e9rcoles optimista por la\u00a0resoluci\u00f3n del conflicto con&hellip; <\/p>\n","protected":false},"author":1,"featured_media":489,"comment_status":"open","ping_status":"open","sticky":false,"template":"","format":"standard","meta":{"footnotes":""},"categories":[4],"tags":[],"class_list":["post-488","post","type-post","status-publish","format-standard","has-post-thumbnail","hentry","category-politica"],"_links":{"self":[{"href":"https:\/\/elrepublicano.ar\/index.php?rest_route=\/wp\/v2\/posts\/488","targetHints":{"allow":["GET"]}}],"collection":[{"href":"https:\/\/elrepublicano.ar\/index.php?rest_route=\/wp\/v2\/posts"}],"about":[{"href":"https:\/\/elrepublicano.ar\/index.php?rest_route=\/wp\/v2\/types\/post"}],"author":[{"embeddable":true,"href":"https:\/\/elrepublicano.ar\/index.php?rest_route=\/wp\/v2\/users\/1"}],"replies":[{"embeddable":true,"href":"https:\/\/elrepublicano.ar\/index.php?rest_route=%2Fwp%2Fv2%2Fcomments&post=488"}],"version-history":[{"count":1,"href":"https:\/\/elrepublicano.ar\/index.php?rest_route=\/wp\/v2\/posts\/488\/revisions"}],"predecessor-version":[{"id":490,"href":"https:\/\/elrepublicano.ar\/index.php?rest_route=\/wp\/v2\/posts\/488\/revisions\/490"}],"wp:featuredmedia":[{"embeddable":true,"href":"https:\/\/elrepublicano.ar\/index.php?rest_route=\/wp\/v2\/media\/489"}],"wp:attachment":[{"href":"https:\/\/elrepublicano.ar\/index.php?rest_route=%2Fwp%2Fv2%2Fmedia&parent=488"}],"wp:term":[{"taxonomy":"category","embeddable":true,"href":"https:\/\/elrepublicano.ar\/index.php?rest_route=%2Fwp%2Fv2%2Fcategories&post=488"},{"taxonomy":"post_tag","embeddable":true,"href":"https:\/\/elrepublicano.ar\/index.php?rest_route=%2Fwp%2Fv2%2Ftags&post=488"}],"curies":[{"name":"wp","href":"https:\/\/api.w.org\/{rel}","templated":true}]}}