{"id":496,"date":"2025-12-30T18:27:05","date_gmt":"2025-12-30T21:27:05","guid":{"rendered":"https:\/\/minutopolitico.ar\/?p=496"},"modified":"2025-12-30T18:27:05","modified_gmt":"2025-12-30T21:27:05","slug":"transformacion-con-sentido-las-10-claves-que-estan-cambiando-la-realidad-de-mendoza","status":"publish","type":"post","link":"https:\/\/elrepublicano.ar\/?p=496","title":{"rendered":"Transformaci\u00f3n con Sentido: Las 10 claves que est\u00e1n cambiando la realidad de Mendoza"},"content":{"rendered":"<p>Bajo la premisa de un Estado presente, ordenado y moderno, el Gobierno de Mendoza -liderado por Alfredo Cornejo- ha consolidado una serie de hitos que impactan directamente en el coraz\u00f3n de las familias: la educaci\u00f3n, el cuidado de la infancia y la integraci\u00f3n tecnol\u00f3gica. Aqu\u00ed, un recorrido por las diez acciones con mayor valor percibido por la ciudadan\u00eda.<\/p>\n<p>&nbsp;<\/p>\n<p><img loading=\"lazy\" decoding=\"async\" class=\"alignnone wp-image-497\" src=\"https:\/\/elrepublicano.ar\/wp-content\/uploads\/2025\/12\/Alfredo-Cornejo-300x169.jpg\" alt=\"\" width=\"1200\" height=\"675\" srcset=\"https:\/\/elrepublicano.ar\/wp-content\/uploads\/2025\/12\/Alfredo-Cornejo-300x169.jpg 300w, https:\/\/elrepublicano.ar\/wp-content\/uploads\/2025\/12\/Alfredo-Cornejo-768x432.jpg 768w, https:\/\/elrepublicano.ar\/wp-content\/uploads\/2025\/12\/Alfredo-Cornejo.jpg 960w\" sizes=\"auto, (max-width: 1200px) 100vw, 1200px\" \/><\/p>\n<p>&nbsp;<\/p>\n<p><b>La gesti\u00f3n actual ha logrado pasar del discurso a la acci\u00f3n concreta, utilizando el orden administrativo como herramienta para mejorar la calidad de vida. A continuaci\u00f3n, el Top 10 de hitos que definen el presente y futuro de la provincia:<\/b><\/p>\n<p><b><i>1. Red Provincial de Centros de Primera Infancia (458 centros)<\/i><\/b><\/p>\n<p>Mendoza ha consolidado la red m\u00e1s importante de la regi\u00f3n con 458 centros. No son solo espacios de cuidado; son nodos de estimulaci\u00f3n temprana y acompa\u00f1amiento familiar que permiten que miles de padres y madres puedan salir a trabajar con la tranquilidad de que sus hijos est\u00e1n en las mejores manos.<\/p>\n<p><b><i>2. Expansi\u00f3n hist\u00f3rica: 180 salas de 3 a\u00f1os<\/i><\/b><\/p>\n<p>Aprovechando de forma inteligente la baja en la natalidad y optimizando los recursos existentes, el Gobierno logr\u00f3 ampliar la educaci\u00f3n temprana sin generar gastos desmedidos. Hoy, m\u00e1s ni\u00f1os acceden al sistema educativo desde los 3 a\u00f1os, garantizando una base de aprendizaje m\u00e1s s\u00f3lida.<\/p>\n<p><b><i>3. Tecnolog\u00eda aplicada: 21.000 netbooks y Aulas Digitales<\/i><\/b><\/p>\n<p>La modernizaci\u00f3n no es un eslogan, es una realidad en el aula. Con la entrega de 21.000 computadoras y la integraci\u00f3n de Inteligencia Artificial al trabajo docente, la escuela mendocina se adapta al siglo XXI, ofreciendo aprendizajes personalizados y herramientas digitales reales.<\/p>\n<p><b><i>4. Plan Provincial de Matem\u00e1tica<\/i><\/b><\/p>\n<p>Atacando uno de los desaf\u00edos pedag\u00f3gicos m\u00e1s grandes, se implement\u00f3 un plan basado en evidencia con plataformas adaptativas y formaci\u00f3n docente constante. El objetivo es claro: que los chicos mendocinos pierdan el miedo a los n\u00fameros y aprendan mejor.<\/p>\n<p><b><i>5. Infraestructura Escolar: $60.000 millones de inversi\u00f3n<\/i><\/b><\/p>\n<p>Un edificio digno es la base de cualquier proceso educativo. En solo dos a\u00f1os, se destin\u00f3 una inversi\u00f3n hist\u00f3rica para reparar y mantener escuelas en toda la provincia, garantizando entornos seguros y habitables para alumnos y trabajadores.<\/p>\n<p><b><i>6. Energ\u00eda Solar: Escuelas sustentables<\/i><\/b><\/p>\n<p>Ya son 20 los establecimientos que generan su propia energ\u00eda limpia. Esto no solo representa un ahorro significativo para las arcas p\u00fablicas, sino que funciona como una lecci\u00f3n pr\u00e1ctica de sostenibilidad y compromiso ambiental para las nuevas generaciones.<\/p>\n<p><b><i>7. Dignidad Docente y Carrera Profesional<\/i><\/b><\/p>\n<p>Con salarios que se mantienen por encima de la media nacional y un sistema de incentivos basado en el m\u00e9rito y la formaci\u00f3n, Mendoza busca jerarquizar la profesi\u00f3n docente. La previsibilidad laboral y el reconocimiento al esfuerzo son los pilares de este eje.<\/p>\n<p><b><i>8. Terminalidad Secundaria con salida laboral (CEPAS)<\/i><\/b><\/p>\n<p>A trav\u00e9s de los 12 centros CEPAS, j\u00f3venes y adultos pueden terminar el secundario obteniendo simult\u00e1neamente una certificaci\u00f3n profesional. Estudiar en Mendoza hoy sirve para conseguir un trabajo real en oficios demandados.<\/p>\n<p><b><i>9. Una Secundaria flexible y conectada<\/i><\/b><\/p>\n<p>El nuevo modelo de escuela secundaria permite trayectorias personalizadas y la obtenci\u00f3n de cr\u00e9ditos educativos. El sistema deja de ser una estructura r\u00edgida para convertirse en un puente que entiende a los j\u00f3venes y los vincula con los estudios superiores.<\/p>\n<p><b><i>10. Protecci\u00f3n a la Ni\u00f1ez Vulnerable<\/i><\/b><\/p>\n<p>El Estado ha fortalecido los hogares y dispositivos de cuidado para ni\u00f1os sin cuidados parentales. La creaci\u00f3n del \u00cdtem Cuidado reconoce la complejidad de quienes trabajan en estas \u00e1reas, asegurando que el Estado est\u00e9 presente all\u00ed donde la vulnerabilidad es mayor.<\/p>\n<p><b>El respaldo de una gesti\u00f3n federal<\/b><\/p>\n<p>Estas acciones no son hechos aislados, sino parte de una visi\u00f3n estrat\u00e9gica donde el apoyo del Gobierno de Mendoza es fundamental. En articulaci\u00f3n con los municipios, como el caso de Guaymall\u00e9n, se busca que el crecimiento no se detenga.<\/p>\n<p><b><i>La combinaci\u00f3n de eficiencia t\u00e9cnica, orden fiscal y compromiso social est\u00e1 permitiendo que el departamento m\u00e1s poblado de Mendoza, y la provincia en general, sean cada vez mejores para vivir, estudiar y trabajar.<\/i><\/b><\/p>\n","protected":false},"excerpt":{"rendered":"<p>Bajo la premisa de un Estado presente, ordenado y moderno, el Gobierno de Mendoza -liderado por Alfredo Cornejo- ha consolidado una serie de hitos que impactan directamente en el coraz\u00f3n&hellip; <\/p>\n","protected":false},"author":1,"featured_media":497,"comment_status":"open","ping_status":"open","sticky":false,"template":"","format":"standard","meta":{"footnotes":""},"categories":[4],"tags":[],"class_list":["post-496","post","type-post","status-publish","format-standard","has-post-thumbnail","hentry","category-politica"],"_links":{"self":[{"href":"https:\/\/elrepublicano.ar\/index.php?rest_route=\/wp\/v2\/posts\/496","targetHints":{"allow":["GET"]}}],"collection":[{"href":"https:\/\/elrepublicano.ar\/index.php?rest_route=\/wp\/v2\/posts"}],"about":[{"href":"https:\/\/elrepublicano.ar\/index.php?rest_route=\/wp\/v2\/types\/post"}],"author":[{"embeddable":true,"href":"https:\/\/elrepublicano.ar\/index.php?rest_route=\/wp\/v2\/users\/1"}],"replies":[{"embeddable":true,"href":"https:\/\/elrepublicano.ar\/index.php?rest_route=%2Fwp%2Fv2%2Fcomments&post=496"}],"version-history":[{"count":1,"href":"https:\/\/elrepublicano.ar\/index.php?rest_route=\/wp\/v2\/posts\/496\/revisions"}],"predecessor-version":[{"id":498,"href":"https:\/\/elrepublicano.ar\/index.php?rest_route=\/wp\/v2\/posts\/496\/revisions\/498"}],"wp:featuredmedia":[{"embeddable":true,"href":"https:\/\/elrepublicano.ar\/index.php?rest_route=\/wp\/v2\/media\/497"}],"wp:attachment":[{"href":"https:\/\/elrepublicano.ar\/index.php?rest_route=%2Fwp%2Fv2%2Fmedia&parent=496"}],"wp:term":[{"taxonomy":"category","embeddable":true,"href":"https:\/\/elrepublicano.ar\/index.php?rest_route=%2Fwp%2Fv2%2Fcategories&post=496"},{"taxonomy":"post_tag","embeddable":true,"href":"https:\/\/elrepublicano.ar\/index.php?rest_route=%2Fwp%2Fv2%2Ftags&post=496"}],"curies":[{"name":"wp","href":"https:\/\/api.w.org\/{rel}","templated":true}]}}