{"id":531,"date":"2026-01-20T15:28:40","date_gmt":"2026-01-20T18:28:40","guid":{"rendered":"https:\/\/minutopolitico.ar\/?p=531"},"modified":"2026-01-20T15:28:40","modified_gmt":"2026-01-20T18:28:40","slug":"jorge-macri-se-reunio-con-isabel-diaz-ayuso-en-madrid","status":"publish","type":"post","link":"https:\/\/elrepublicano.ar\/?p=531","title":{"rendered":"Jorge Macri se reuni\u00f3 con Isabel D\u00edaz Ayuso en Madrid"},"content":{"rendered":"<p><img loading=\"lazy\" decoding=\"async\" class=\"alignnone size-medium wp-image-532\" src=\"https:\/\/elrepublicano.ar\/wp-content\/uploads\/2026\/01\/IMG_8452-240x300.jpeg\" alt=\"\" width=\"240\" height=\"300\" srcset=\"https:\/\/elrepublicano.ar\/wp-content\/uploads\/2026\/01\/IMG_8452-240x300.jpeg 240w, https:\/\/elrepublicano.ar\/wp-content\/uploads\/2026\/01\/IMG_8452-819x1024.jpeg 819w, https:\/\/elrepublicano.ar\/wp-content\/uploads\/2026\/01\/IMG_8452-768x960.jpeg 768w, https:\/\/elrepublicano.ar\/wp-content\/uploads\/2026\/01\/IMG_8452-1229x1536.jpeg 1229w, https:\/\/elrepublicano.ar\/wp-content\/uploads\/2026\/01\/IMG_8452.jpeg 1638w\" sizes=\"auto, (max-width: 240px) 100vw, 240px\" \/><\/p>\n<p>El jefe de Gobierno porte\u00f1o Jorge Macri mantuvo un encuentro con la presidenta de la Comunidad de Madrid, Isabel D\u00edaz Ayuso, con el objetivo central de \u201c<i>promover inversiones y fortalecer la proyecci\u00f3n internacional<\/i>\u201d entre la Ciudad de Buenos Aires y la capital espa\u00f1ola.<\/p>\n<p>\u201c<i>Con Isabel D\u00edaz Ayuso gobernamos grandes ciudades que son el coraz\u00f3n econ\u00f3mico, pol\u00edtico y cultural de nuestros pa\u00edses. Nos unen valores, una cultura, un idioma y una historia. Tambi\u00e9n una visi\u00f3n de respeto por el orden, la propiedad y la libertad individual de nuestros ciudadanos que seguiremos impulsando<\/i>\u201d, indic\u00f3 Macri.<\/p>\n","protected":false},"excerpt":{"rendered":"<p>El jefe de Gobierno porte\u00f1o Jorge Macri mantuvo un encuentro con la presidenta de la Comunidad de Madrid, Isabel D\u00edaz Ayuso, con el objetivo central de \u201cpromover inversiones y fortalecer&hellip; <\/p>\n","protected":false},"author":1,"featured_media":532,"comment_status":"open","ping_status":"open","sticky":false,"template":"","format":"standard","meta":{"footnotes":""},"categories":[1],"tags":[],"class_list":["post-531","post","type-post","status-publish","format-standard","has-post-thumbnail","hentry","category-uncategorized"],"_links":{"self":[{"href":"https:\/\/elrepublicano.ar\/index.php?rest_route=\/wp\/v2\/posts\/531","targetHints":{"allow":["GET"]}}],"collection":[{"href":"https:\/\/elrepublicano.ar\/index.php?rest_route=\/wp\/v2\/posts"}],"about":[{"href":"https:\/\/elrepublicano.ar\/index.php?rest_route=\/wp\/v2\/types\/post"}],"author":[{"embeddable":true,"href":"https:\/\/elrepublicano.ar\/index.php?rest_route=\/wp\/v2\/users\/1"}],"replies":[{"embeddable":true,"href":"https:\/\/elrepublicano.ar\/index.php?rest_route=%2Fwp%2Fv2%2Fcomments&post=531"}],"version-history":[{"count":1,"href":"https:\/\/elrepublicano.ar\/index.php?rest_route=\/wp\/v2\/posts\/531\/revisions"}],"predecessor-version":[{"id":533,"href":"https:\/\/elrepublicano.ar\/index.php?rest_route=\/wp\/v2\/posts\/531\/revisions\/533"}],"wp:featuredmedia":[{"embeddable":true,"href":"https:\/\/elrepublicano.ar\/index.php?rest_route=\/wp\/v2\/media\/532"}],"wp:attachment":[{"href":"https:\/\/elrepublicano.ar\/index.php?rest_route=%2Fwp%2Fv2%2Fmedia&parent=531"}],"wp:term":[{"taxonomy":"category","embeddable":true,"href":"https:\/\/elrepublicano.ar\/index.php?rest_route=%2Fwp%2Fv2%2Fcategories&post=531"},{"taxonomy":"post_tag","embeddable":true,"href":"https:\/\/elrepublicano.ar\/index.php?rest_route=%2Fwp%2Fv2%2Ftags&post=531"}],"curies":[{"name":"wp","href":"https:\/\/api.w.org\/{rel}","templated":true}]}}