{"id":534,"date":"2026-01-23T11:10:32","date_gmt":"2026-01-23T14:10:32","guid":{"rendered":"https:\/\/minutopolitico.ar\/?p=534"},"modified":"2026-01-23T11:10:32","modified_gmt":"2026-01-23T14:10:32","slug":"javier-milei-regreso-al-pais-y-cumple-agenda-en-la-quinta-de-olivos","status":"publish","type":"post","link":"https:\/\/elrepublicano.ar\/?p=534","title":{"rendered":"Javier Milei regres\u00f3 al pa\u00eds y cumple agenda en la quinta de Olivos"},"content":{"rendered":"<p><!--more--><img loading=\"lazy\" decoding=\"async\" class=\"alignnone size-medium wp-image-535\" src=\"https:\/\/elrepublicano.ar\/wp-content\/uploads\/2026\/01\/IMG_8508-300x200.webp\" alt=\"\" width=\"300\" height=\"200\" srcset=\"https:\/\/elrepublicano.ar\/wp-content\/uploads\/2026\/01\/IMG_8508-300x200.webp 300w, https:\/\/elrepublicano.ar\/wp-content\/uploads\/2026\/01\/IMG_8508-1024x683.webp 1024w, https:\/\/elrepublicano.ar\/wp-content\/uploads\/2026\/01\/IMG_8508-768x512.webp 768w, https:\/\/elrepublicano.ar\/wp-content\/uploads\/2026\/01\/IMG_8508-150x100.webp 150w, https:\/\/elrepublicano.ar\/wp-content\/uploads\/2026\/01\/IMG_8508-330x220.webp 330w, https:\/\/elrepublicano.ar\/wp-content\/uploads\/2026\/01\/IMG_8508-420x280.webp 420w, https:\/\/elrepublicano.ar\/wp-content\/uploads\/2026\/01\/IMG_8508-510x340.webp 510w, https:\/\/elrepublicano.ar\/wp-content\/uploads\/2026\/01\/IMG_8508-860x570.webp 860w, https:\/\/elrepublicano.ar\/wp-content\/uploads\/2026\/01\/IMG_8508.webp 1080w\" sizes=\"auto, (max-width: 300px) 100vw, 300px\" \/><\/p>\n<p>El presidente Javier Milei regres\u00f3 esta ma\u00f1ana a la Argentina luego de su viaje de varios d\u00edas por Suiza, donde particip\u00f3 del Foro Econ\u00f3mico Mundial de Davos y mantuvo reuniones con distintos referentes internacionales.<\/p>\n<p>La delegaci\u00f3n presidencial aterriz\u00f3 a las 6.26, tras realizar una escala t\u00e9cnica en la isla de Gran Canaria, luego de partir desde Z\u00farich.<\/p>\n<p>Desde Presidencia informaron que el mandatario ya se encuentra en la quinta de Olivos, donde tiene previsto permanecer durante la jornada para mantener una serie de audiencias privadas.<\/p>\n<p>&nbsp;<\/p>\n","protected":false},"excerpt":{"rendered":"","protected":false},"author":1,"featured_media":535,"comment_status":"open","ping_status":"open","sticky":false,"template":"","format":"standard","meta":{"footnotes":""},"categories":[1],"tags":[],"class_list":["post-534","post","type-post","status-publish","format-standard","has-post-thumbnail","hentry","category-uncategorized"],"_links":{"self":[{"href":"https:\/\/elrepublicano.ar\/index.php?rest_route=\/wp\/v2\/posts\/534","targetHints":{"allow":["GET"]}}],"collection":[{"href":"https:\/\/elrepublicano.ar\/index.php?rest_route=\/wp\/v2\/posts"}],"about":[{"href":"https:\/\/elrepublicano.ar\/index.php?rest_route=\/wp\/v2\/types\/post"}],"author":[{"embeddable":true,"href":"https:\/\/elrepublicano.ar\/index.php?rest_route=\/wp\/v2\/users\/1"}],"replies":[{"embeddable":true,"href":"https:\/\/elrepublicano.ar\/index.php?rest_route=%2Fwp%2Fv2%2Fcomments&post=534"}],"version-history":[{"count":1,"href":"https:\/\/elrepublicano.ar\/index.php?rest_route=\/wp\/v2\/posts\/534\/revisions"}],"predecessor-version":[{"id":536,"href":"https:\/\/elrepublicano.ar\/index.php?rest_route=\/wp\/v2\/posts\/534\/revisions\/536"}],"wp:featuredmedia":[{"embeddable":true,"href":"https:\/\/elrepublicano.ar\/index.php?rest_route=\/wp\/v2\/media\/535"}],"wp:attachment":[{"href":"https:\/\/elrepublicano.ar\/index.php?rest_route=%2Fwp%2Fv2%2Fmedia&parent=534"}],"wp:term":[{"taxonomy":"category","embeddable":true,"href":"https:\/\/elrepublicano.ar\/index.php?rest_route=%2Fwp%2Fv2%2Fcategories&post=534"},{"taxonomy":"post_tag","embeddable":true,"href":"https:\/\/elrepublicano.ar\/index.php?rest_route=%2Fwp%2Fv2%2Ftags&post=534"}],"curies":[{"name":"wp","href":"https:\/\/api.w.org\/{rel}","templated":true}]}}