{"id":551,"date":"2026-02-10T18:10:46","date_gmt":"2026-02-10T21:10:46","guid":{"rendered":"https:\/\/minutopolitico.ar\/?p=551"},"modified":"2026-02-10T18:10:46","modified_gmt":"2026-02-10T21:10:46","slug":"jorge-macri-el-problema-en-la-argentina-es-el-concepto-de-la-puerta-giratoria","status":"publish","type":"post","link":"https:\/\/elrepublicano.ar\/?p=551","title":{"rendered":"Jorge Macri: \u201cEl problema en la Argentina es el concepto de la puerta giratoria\u201d"},"content":{"rendered":"<p>El jefe de Gobierno porte\u00f1o se manifest\u00f3 a favor de la creaci\u00f3n de un r\u00e9gimen penal juvenil.<\/p>\n<p>&nbsp;<\/p>\n<p><img loading=\"lazy\" decoding=\"async\" class=\"alignnone wp-image-552\" src=\"https:\/\/elrepublicano.ar\/wp-content\/uploads\/2026\/02\/Jorge-Macri-300x169.jpg\" alt=\"\" width=\"1200\" height=\"675\" srcset=\"https:\/\/elrepublicano.ar\/wp-content\/uploads\/2026\/02\/Jorge-Macri-300x169.jpg 300w, https:\/\/elrepublicano.ar\/wp-content\/uploads\/2026\/02\/Jorge-Macri-768x432.jpg 768w, https:\/\/elrepublicano.ar\/wp-content\/uploads\/2026\/02\/Jorge-Macri.jpg 972w\" sizes=\"auto, (max-width: 1200px) 100vw, 1200px\" \/><\/p>\n<p>&nbsp;<\/p>\n<p>El jefe de Gobierno porte\u00f1o<strong>, Jorge Macri<\/strong>, se manifest\u00f3 este lunes a favor de la creaci\u00f3n de un<strong>\u00a0r\u00e9gimen penal juvenil\u00a0<\/strong>y al respecto sostuvo que\u00a0<strong>\u201cel problema en la Argentina es el concepto de la puerta giratoria\u201d<\/strong><\/p>\n<p>En di\u00e1logo con\u00a0<strong>Radio Rivadavia<\/strong>, ratific\u00f3 su \u201cpostura hist\u00f3rica de que a postura de adulto, pena de adulto\u201d, pero aclar\u00f3 que debe haber \u201cun<strong>\u00a0sistema de detenci\u00f3n distinto al del adulto\u201d y \u201cespecial para j\u00f3venes y adolescentes\u201d.<\/strong><\/p>\n<p><strong>\u201cNo puede ir a la misma c\u00e1rcel que un adulto un chico de 13, 14, 15 o 16. Tiene que estar en otro lugar porque todav\u00eda hay m\u00e1s esperanza de recuperarlo y salvarlo. Si lo meto en el sistema actual, probablemente lo perdamos<\/strong>\u201d, indic\u00f3.<\/p>\n<p>En ese sentido, insisti\u00f3 en que es necesario un \u201cabordaje diferente para tratar un adolescente\u201d, que es diferente \u201ca un reincidente de 60 a\u00f1os al que ya agarramos mil veces\u201d.<\/p>\n<p>\u201cLa discusi\u00f3n profunda que nos tenemos que dar es si quien comete un delito tiene que ir detenido o no, porqu<strong>e el problema en la Argentina es el concepto de la puerta giratoria\u201d,\u00a0<\/strong>remarc\u00f3.<\/p>\n<p>El jefe de Gobierno reconoci\u00f3 que \u201cno es tanto el delito que cometen los menores estad\u00edsticamente\u201d. \u201cSon los menos y dentro de los delitos graves, tambi\u00e9n son los menos. Est\u00e1 claro que cuando un joven mata es muy impactante\u201d, apunt\u00f3.<\/p>\n<p>A su entender,\u00a0<strong>\u201csi quien comete delitos no tiene ala percepci\u00f3n real de que puede ir detenido y que va a ir detenido, el sistema fracasa\u201d.\u00a0<\/strong><\/p>\n<p>\u201cSi tengo que seguir agarrando 28 veces a la misma persona antes de que la Justicia lo deje con prisi\u00f3n efectiva, estamos fritos\u201d, finaliz\u00f3.<\/p>\n","protected":false},"excerpt":{"rendered":"<p>El jefe de Gobierno porte\u00f1o se manifest\u00f3 a favor de la creaci\u00f3n de un r\u00e9gimen penal juvenil. &nbsp; &nbsp; El jefe de Gobierno porte\u00f1o, Jorge Macri, se manifest\u00f3 este lunes&hellip; <\/p>\n","protected":false},"author":1,"featured_media":552,"comment_status":"open","ping_status":"open","sticky":false,"template":"","format":"standard","meta":{"footnotes":""},"categories":[4],"tags":[],"class_list":["post-551","post","type-post","status-publish","format-standard","has-post-thumbnail","hentry","category-politica"],"_links":{"self":[{"href":"https:\/\/elrepublicano.ar\/index.php?rest_route=\/wp\/v2\/posts\/551","targetHints":{"allow":["GET"]}}],"collection":[{"href":"https:\/\/elrepublicano.ar\/index.php?rest_route=\/wp\/v2\/posts"}],"about":[{"href":"https:\/\/elrepublicano.ar\/index.php?rest_route=\/wp\/v2\/types\/post"}],"author":[{"embeddable":true,"href":"https:\/\/elrepublicano.ar\/index.php?rest_route=\/wp\/v2\/users\/1"}],"replies":[{"embeddable":true,"href":"https:\/\/elrepublicano.ar\/index.php?rest_route=%2Fwp%2Fv2%2Fcomments&post=551"}],"version-history":[{"count":1,"href":"https:\/\/elrepublicano.ar\/index.php?rest_route=\/wp\/v2\/posts\/551\/revisions"}],"predecessor-version":[{"id":553,"href":"https:\/\/elrepublicano.ar\/index.php?rest_route=\/wp\/v2\/posts\/551\/revisions\/553"}],"wp:featuredmedia":[{"embeddable":true,"href":"https:\/\/elrepublicano.ar\/index.php?rest_route=\/wp\/v2\/media\/552"}],"wp:attachment":[{"href":"https:\/\/elrepublicano.ar\/index.php?rest_route=%2Fwp%2Fv2%2Fmedia&parent=551"}],"wp:term":[{"taxonomy":"category","embeddable":true,"href":"https:\/\/elrepublicano.ar\/index.php?rest_route=%2Fwp%2Fv2%2Fcategories&post=551"},{"taxonomy":"post_tag","embeddable":true,"href":"https:\/\/elrepublicano.ar\/index.php?rest_route=%2Fwp%2Fv2%2Ftags&post=551"}],"curies":[{"name":"wp","href":"https:\/\/api.w.org\/{rel}","templated":true}]}}