{"id":557,"date":"2026-02-10T18:16:39","date_gmt":"2026-02-10T21:16:39","guid":{"rendered":"https:\/\/minutopolitico.ar\/?p=557"},"modified":"2026-02-10T18:16:39","modified_gmt":"2026-02-10T21:16:39","slug":"indec-la-inflacion-de-enero-fue-de-29-por-ciento","status":"publish","type":"post","link":"https:\/\/elrepublicano.ar\/?p=557","title":{"rendered":"Indec: la inflaci\u00f3n de enero fue de 2,9 por ciento"},"content":{"rendered":"<p>El costo de vida se conoci\u00f3 en medio de la pol\u00e9mica por la renuncia del titular del INDEC.<\/p>\n<p>&nbsp;<\/p>\n<p><img loading=\"lazy\" decoding=\"async\" class=\"alignnone wp-image-558\" src=\"https:\/\/elrepublicano.ar\/wp-content\/uploads\/2026\/02\/Inflacion-300x169.jpg\" alt=\"\" width=\"1370\" height=\"771\" srcset=\"https:\/\/elrepublicano.ar\/wp-content\/uploads\/2026\/02\/Inflacion-300x169.jpg 300w, https:\/\/elrepublicano.ar\/wp-content\/uploads\/2026\/02\/Inflacion-1024x576.jpg 1024w, https:\/\/elrepublicano.ar\/wp-content\/uploads\/2026\/02\/Inflacion-768x432.jpg 768w, https:\/\/elrepublicano.ar\/wp-content\/uploads\/2026\/02\/Inflacion.jpg 1065w\" sizes=\"auto, (max-width: 1370px) 100vw, 1370px\" \/><\/p>\n<p>&nbsp;<\/p>\n<p>La inflaci\u00f3n de enero fue de\u00a0<strong>2,9 por ciento<\/strong>, seg\u00fan inform\u00f3 el Indec.<\/p>\n<p>El dato se conoci\u00f3 tras la pol\u00e9mica renuncia de\u00a0<strong>Marco Lavagna<\/strong>\u00a0como titular del organismo.<\/p>\n<p>El IPC registr\u00f3 un alza interanual de\u00a0<strong>32,4%.<\/strong><\/p>\n<p>&nbsp;<\/p>\n<blockquote class=\"twitter-tweet\">\n<p dir=\"ltr\" lang=\"es\"><a href=\"https:\/\/twitter.com\/hashtag\/DatoINDEC?src=hash&amp;ref_src=twsrc%5Etfw\">#DatoINDEC<\/a><br \/>\nLos precios al consumidor (<a href=\"https:\/\/twitter.com\/hashtag\/IPC?src=hash&amp;ref_src=twsrc%5Etfw\">#IPC<\/a>) aumentaron 2,9% en enero de 2026 respecto de diciembre y 32,4% interanual <a href=\"https:\/\/t.co\/YCHmuRuwYQ\">https:\/\/t.co\/YCHmuRuwYQ<\/a> <a href=\"https:\/\/t.co\/5uFH5LvkLn\">pic.twitter.com\/5uFH5LvkLn<\/a><\/p>\n<p>\u2014 INDEC Argentina (@INDECArgentina) <a href=\"https:\/\/twitter.com\/INDECArgentina\/status\/2021298216625438958?ref_src=twsrc%5Etfw\">February 10, 2026<\/a><\/p><\/blockquote>\n<p><script async src=\"https:\/\/platform.twitter.com\/widgets.js\" charset=\"utf-8\"><\/script><\/p>\n<p>&nbsp;<\/p>\n<p>La divisi\u00f3n de mayor aumento en el mes fue\u00a0<strong>Alimentos y bebidas no alcoh\u00f3licas (4,7%), seguida de Restaurantes y hoteles (4,1%).<\/strong><\/p>\n<p>La divisi\u00f3n con mayor incidencia en la variaci\u00f3n mensual regional fue Alimentos y bebidas no alcoh\u00f3licas, principalmente por las subas en\u00a0<strong>Carnes y derivados<\/strong>\u00a0y Verduras, tub\u00e9rculos y legumbres.<\/p>\n<p>Las dos divisiones que registraron las menores variaciones en enero de 2026 fueron\u00a0<strong>Educaci\u00f3n (0,6%) y Prendas de vestir y calzado (-0,5%).<\/strong><\/p>\n<p>A nivel de las categor\u00edas, los precios\u00a0<strong>Estacionales (5,7%) lideraron el incremento, seguidos de IPC n\u00facleo (2,6%) y Regulados (2,4%).<\/strong><\/p>\n<p>&nbsp;<\/p>\n<blockquote class=\"twitter-tweet\">\n<p dir=\"ltr\" lang=\"es\"><a href=\"https:\/\/twitter.com\/hashtag\/DatoINDEC?src=hash&amp;ref_src=twsrc%5Etfw\">#DatoINDEC<\/a><a href=\"https:\/\/twitter.com\/hashtag\/IPC?src=hash&amp;ref_src=twsrc%5Etfw\">#IPC<\/a>: la divisi\u00f3n con mayor alza mensual en enero de 2026 fue Alimentos y bebidas no alcoh\u00f3licas (4,7%), escoltada por Restaurantes y hoteles (4,1%) <a href=\"https:\/\/t.co\/YCHmuRuwYQ\">https:\/\/t.co\/YCHmuRuwYQ<\/a> <a href=\"https:\/\/t.co\/bZTkK4txq2\">pic.twitter.com\/bZTkK4txq2<\/a><\/p>\n<p>\u2014 INDEC Argentina (@INDECArgentina) <a href=\"https:\/\/twitter.com\/INDECArgentina\/status\/2021298220102537613?ref_src=twsrc%5Etfw\">February 10, 2026<\/a><\/p><\/blockquote>\n<p><script async src=\"https:\/\/platform.twitter.com\/widgets.js\" charset=\"utf-8\"><\/script><\/p>\n<p>En cuanto a la renuncia de Lavagna, ven\u00eda trabajando en un nuevo \u00edndice desde el tema desde el gobierno de Alberto Fern\u00e1ndez, en 2022, y seg\u00fan explic\u00f3 el exn\u00famero dos de Caputo, Joaqu\u00edn Cottani, la nueva metodolog\u00eda estaba lista desde mediados de 2024.<\/p>\n<p>Sin embargo, el Gobierno nacional decidi\u00f3 no aplicarlo y anunci\u00f3 que dise\u00f1ar\u00e1n uno nuevo.<\/p>\n<p>Se estima que por el tiempo que demorar\u00e1 el dise\u00f1o de la nueva Encuesta de Hogares, la implementaci\u00f3n del flamante IPC se dilatar\u00eda hasta 2030.<\/p>\n","protected":false},"excerpt":{"rendered":"<p>El costo de vida se conoci\u00f3 en medio de la pol\u00e9mica por la renuncia del titular del INDEC. &nbsp; &nbsp; La inflaci\u00f3n de enero fue de\u00a02,9 por ciento, seg\u00fan inform\u00f3&hellip; <\/p>\n","protected":false},"author":1,"featured_media":558,"comment_status":"open","ping_status":"open","sticky":false,"template":"","format":"standard","meta":{"footnotes":""},"categories":[5],"tags":[],"class_list":["post-557","post","type-post","status-publish","format-standard","has-post-thumbnail","hentry","category-economia"],"_links":{"self":[{"href":"https:\/\/elrepublicano.ar\/index.php?rest_route=\/wp\/v2\/posts\/557","targetHints":{"allow":["GET"]}}],"collection":[{"href":"https:\/\/elrepublicano.ar\/index.php?rest_route=\/wp\/v2\/posts"}],"about":[{"href":"https:\/\/elrepublicano.ar\/index.php?rest_route=\/wp\/v2\/types\/post"}],"author":[{"embeddable":true,"href":"https:\/\/elrepublicano.ar\/index.php?rest_route=\/wp\/v2\/users\/1"}],"replies":[{"embeddable":true,"href":"https:\/\/elrepublicano.ar\/index.php?rest_route=%2Fwp%2Fv2%2Fcomments&post=557"}],"version-history":[{"count":1,"href":"https:\/\/elrepublicano.ar\/index.php?rest_route=\/wp\/v2\/posts\/557\/revisions"}],"predecessor-version":[{"id":559,"href":"https:\/\/elrepublicano.ar\/index.php?rest_route=\/wp\/v2\/posts\/557\/revisions\/559"}],"wp:featuredmedia":[{"embeddable":true,"href":"https:\/\/elrepublicano.ar\/index.php?rest_route=\/wp\/v2\/media\/558"}],"wp:attachment":[{"href":"https:\/\/elrepublicano.ar\/index.php?rest_route=%2Fwp%2Fv2%2Fmedia&parent=557"}],"wp:term":[{"taxonomy":"category","embeddable":true,"href":"https:\/\/elrepublicano.ar\/index.php?rest_route=%2Fwp%2Fv2%2Fcategories&post=557"},{"taxonomy":"post_tag","embeddable":true,"href":"https:\/\/elrepublicano.ar\/index.php?rest_route=%2Fwp%2Fv2%2Ftags&post=557"}],"curies":[{"name":"wp","href":"https:\/\/api.w.org\/{rel}","templated":true}]}}