{"id":568,"date":"2026-02-11T08:17:20","date_gmt":"2026-02-11T11:17:20","guid":{"rendered":"https:\/\/minutopolitico.ar\/?p=568"},"modified":"2026-02-11T08:17:20","modified_gmt":"2026-02-11T11:17:20","slug":"reforma-laboral-el-oficialismo-llega-al-senado-con-acuerdo-politico","status":"publish","type":"post","link":"https:\/\/elrepublicano.ar\/?p=568","title":{"rendered":"Reforma laboral: el oficialismo llega al Senado con acuerdo pol\u00edtico"},"content":{"rendered":"<p><img loading=\"lazy\" decoding=\"async\" class=\"alignnone size-medium wp-image-569\" src=\"https:\/\/elrepublicano.ar\/wp-content\/uploads\/2026\/02\/IMG_8751-300x200.webp\" alt=\"\" width=\"300\" height=\"200\" srcset=\"https:\/\/elrepublicano.ar\/wp-content\/uploads\/2026\/02\/IMG_8751-300x200.webp 300w, https:\/\/elrepublicano.ar\/wp-content\/uploads\/2026\/02\/IMG_8751-1024x683.webp 1024w, https:\/\/elrepublicano.ar\/wp-content\/uploads\/2026\/02\/IMG_8751-768x512.webp 768w, https:\/\/elrepublicano.ar\/wp-content\/uploads\/2026\/02\/IMG_8751-150x100.webp 150w, https:\/\/elrepublicano.ar\/wp-content\/uploads\/2026\/02\/IMG_8751-330x220.webp 330w, https:\/\/elrepublicano.ar\/wp-content\/uploads\/2026\/02\/IMG_8751-420x280.webp 420w, https:\/\/elrepublicano.ar\/wp-content\/uploads\/2026\/02\/IMG_8751-510x340.webp 510w, https:\/\/elrepublicano.ar\/wp-content\/uploads\/2026\/02\/IMG_8751-860x570.webp 860w, https:\/\/elrepublicano.ar\/wp-content\/uploads\/2026\/02\/IMG_8751.webp 1080w\" sizes=\"auto, (max-width: 300px) 100vw, 300px\" \/><\/p>\n<p class=\"p1\"><span class=\"s1\">El Senado debatir\u00e1 este mi\u00e9rcoles desde las 11 el proyecto de reforma laboral, una iniciativa impulsada por el oficialismo que incorpor\u00f3 una serie de modificaciones tras el di\u00e1logo con gobernadores, bloques aliados y representantes sindicales.<\/span><\/p>\n<p class=\"p1\"><span class=\"s1\">La presidenta del bloque de senadores de La Libertad Avanza, Patricia Bullrich, confirm\u00f3 que existe un acuerdo para avanzar con el tratamiento de la norma, a la que defini\u00f3 como un paso clave para modernizar las relaciones laborales en la Argentina.<\/span><\/p>\n<p class=\"p1\"><span class=\"s1\">Entre los cambios incorporados durante la negociaci\u00f3n se resolvi\u00f3 eliminar el art\u00edculo que contemplaba una rebaja del Impuesto a las Ganancias para grandes y medianas empresas, atendiendo al impacto fiscal que esa medida pod\u00eda tener en las provincias.<\/span><\/p>\n<p class=\"p1\"><span class=\"s1\">En el intercambio con la CGT, el oficialismo mantuvo el aporte solidario a los gremios por un plazo de dos a\u00f1os, con un tope del 2%, y preserv\u00f3 las contribuciones destinadas a las obras sociales en el 6%. Asimismo, se estableci\u00f3 un tope del 0,5% para el aporte obligatorio a las c\u00e1maras empresariales.<\/span><\/p>\n<p class=\"p1\"><span class=\"s1\">Otro de los puntos ajustados fue el sistema de pago de salarios: los bancos continuar\u00e1n siendo los \u00fanicos responsables de abonar los sueldos, sin habilitar a las billeteras virtuales, como estaba previsto en la redacci\u00f3n original.<\/span><\/p>\n<p class=\"p1\"><span class=\"s1\">Con estas modificaciones, el oficialismo llegar\u00e1 a la sesi\u00f3n con respaldo suficiente para avanzar en la sanci\u00f3n de la ley de modernizaci\u00f3n laboral, que cuenta con el acompa\u00f1amiento de bloques como la UCR, el PRO y fuerzas provinciales.<\/span><\/p>\n<p class=\"p1\"><span class=\"s1\">Desde el oficialismo destacaron que el proyecto incluye 28 cambios consensuados tras meses de trabajo y remarcaron que la iniciativa busca adecuar la normativa laboral a las transformaciones que atraves\u00f3 el pa\u00eds y el mercado de trabajo, en el marco de acuerdos construidos entre distintas fuerzas pol\u00edticas.<\/span><\/p>\n","protected":false},"excerpt":{"rendered":"<p>El Senado debatir\u00e1 este mi\u00e9rcoles desde las 11 el proyecto de reforma laboral, una iniciativa impulsada por el oficialismo que incorpor\u00f3 una serie de modificaciones tras el di\u00e1logo con gobernadores,&hellip; <\/p>\n","protected":false},"author":1,"featured_media":569,"comment_status":"open","ping_status":"open","sticky":false,"template":"","format":"standard","meta":{"footnotes":""},"categories":[1],"tags":[],"class_list":["post-568","post","type-post","status-publish","format-standard","has-post-thumbnail","hentry","category-uncategorized"],"_links":{"self":[{"href":"https:\/\/elrepublicano.ar\/index.php?rest_route=\/wp\/v2\/posts\/568","targetHints":{"allow":["GET"]}}],"collection":[{"href":"https:\/\/elrepublicano.ar\/index.php?rest_route=\/wp\/v2\/posts"}],"about":[{"href":"https:\/\/elrepublicano.ar\/index.php?rest_route=\/wp\/v2\/types\/post"}],"author":[{"embeddable":true,"href":"https:\/\/elrepublicano.ar\/index.php?rest_route=\/wp\/v2\/users\/1"}],"replies":[{"embeddable":true,"href":"https:\/\/elrepublicano.ar\/index.php?rest_route=%2Fwp%2Fv2%2Fcomments&post=568"}],"version-history":[{"count":1,"href":"https:\/\/elrepublicano.ar\/index.php?rest_route=\/wp\/v2\/posts\/568\/revisions"}],"predecessor-version":[{"id":570,"href":"https:\/\/elrepublicano.ar\/index.php?rest_route=\/wp\/v2\/posts\/568\/revisions\/570"}],"wp:featuredmedia":[{"embeddable":true,"href":"https:\/\/elrepublicano.ar\/index.php?rest_route=\/wp\/v2\/media\/569"}],"wp:attachment":[{"href":"https:\/\/elrepublicano.ar\/index.php?rest_route=%2Fwp%2Fv2%2Fmedia&parent=568"}],"wp:term":[{"taxonomy":"category","embeddable":true,"href":"https:\/\/elrepublicano.ar\/index.php?rest_route=%2Fwp%2Fv2%2Fcategories&post=568"},{"taxonomy":"post_tag","embeddable":true,"href":"https:\/\/elrepublicano.ar\/index.php?rest_route=%2Fwp%2Fv2%2Ftags&post=568"}],"curies":[{"name":"wp","href":"https:\/\/api.w.org\/{rel}","templated":true}]}}