{"id":579,"date":"2026-02-13T10:44:52","date_gmt":"2026-02-13T13:44:52","guid":{"rendered":"https:\/\/minutopolitico.ar\/?p=579"},"modified":"2026-02-13T10:44:52","modified_gmt":"2026-02-13T13:44:52","slug":"imputabilidad-desde-los-14-el-gobierno-defiende-el-nuevo-regimen-penal-juvenil","status":"publish","type":"post","link":"https:\/\/elrepublicano.ar\/?p=579","title":{"rendered":"Imputabilidad desde los 14: el Gobierno defiende el nuevo R\u00e9gimen Penal Juvenil"},"content":{"rendered":"<p><img loading=\"lazy\" decoding=\"async\" class=\"alignnone size-medium wp-image-580\" src=\"https:\/\/elrepublicano.ar\/wp-content\/uploads\/2026\/02\/IMG_8807-300x200.webp\" alt=\"\" width=\"300\" height=\"200\" srcset=\"https:\/\/elrepublicano.ar\/wp-content\/uploads\/2026\/02\/IMG_8807-300x200.webp 300w, https:\/\/elrepublicano.ar\/wp-content\/uploads\/2026\/02\/IMG_8807-150x100.webp 150w, https:\/\/elrepublicano.ar\/wp-content\/uploads\/2026\/02\/IMG_8807-330x220.webp 330w, https:\/\/elrepublicano.ar\/wp-content\/uploads\/2026\/02\/IMG_8807-420x280.webp 420w, https:\/\/elrepublicano.ar\/wp-content\/uploads\/2026\/02\/IMG_8807-510x340.webp 510w, https:\/\/elrepublicano.ar\/wp-content\/uploads\/2026\/02\/IMG_8807.webp 540w\" sizes=\"auto, (max-width: 300px) 100vw, 300px\" \/><\/p>\n<p>El ministro de Justicia, Mariano C\u00faneo Libarona, sostuvo que el proyecto de R\u00e9gimen Penal Juvenil \u2014que baja de 16 a 14 a\u00f1os la edad de imputabilidad\u2014 busca enviar un mensaje claro a la sociedad: \u201cel que las hace las paga\u201d.<\/p>\n<p>En declaraciones radiales, el funcionario afirm\u00f3 que el sistema actual \u201cfracas\u00f3\u201d y defendi\u00f3 la iniciativa que ya obtuvo media sanci\u00f3n. Seg\u00fan explic\u00f3, la reforma no solo establece responsabilidades penales sino tambi\u00e9n un esquema de garant\u00edas, derechos y obligaciones para los menores en conflicto con la ley, con el objetivo de favorecer su reinserci\u00f3n social.<\/p>\n<p>C\u00faneo Libarona remarc\u00f3 que no se prev\u00e9 la figura de prisi\u00f3n perpetua y que las penas se cumplir\u00e1n en institutos especializados, separados por g\u00e9nero, con personal capacitado y supervisi\u00f3n individual de cada caso. Adem\u00e1s, se\u00f1al\u00f3 que el Estado destinar\u00e1 recursos espec\u00edficos y que la norma estar\u00e1 acompa\u00f1ada por programas de educaci\u00f3n obligatoria y actividades deportivas.<\/p>\n","protected":false},"excerpt":{"rendered":"<p>El ministro de Justicia, Mariano C\u00faneo Libarona, sostuvo que el proyecto de R\u00e9gimen Penal Juvenil \u2014que baja de 16 a 14 a\u00f1os la edad de imputabilidad\u2014 busca enviar un mensaje&hellip; <\/p>\n","protected":false},"author":1,"featured_media":580,"comment_status":"open","ping_status":"open","sticky":false,"template":"","format":"standard","meta":{"footnotes":""},"categories":[1],"tags":[],"class_list":["post-579","post","type-post","status-publish","format-standard","has-post-thumbnail","hentry","category-uncategorized"],"_links":{"self":[{"href":"https:\/\/elrepublicano.ar\/index.php?rest_route=\/wp\/v2\/posts\/579","targetHints":{"allow":["GET"]}}],"collection":[{"href":"https:\/\/elrepublicano.ar\/index.php?rest_route=\/wp\/v2\/posts"}],"about":[{"href":"https:\/\/elrepublicano.ar\/index.php?rest_route=\/wp\/v2\/types\/post"}],"author":[{"embeddable":true,"href":"https:\/\/elrepublicano.ar\/index.php?rest_route=\/wp\/v2\/users\/1"}],"replies":[{"embeddable":true,"href":"https:\/\/elrepublicano.ar\/index.php?rest_route=%2Fwp%2Fv2%2Fcomments&post=579"}],"version-history":[{"count":1,"href":"https:\/\/elrepublicano.ar\/index.php?rest_route=\/wp\/v2\/posts\/579\/revisions"}],"predecessor-version":[{"id":581,"href":"https:\/\/elrepublicano.ar\/index.php?rest_route=\/wp\/v2\/posts\/579\/revisions\/581"}],"wp:featuredmedia":[{"embeddable":true,"href":"https:\/\/elrepublicano.ar\/index.php?rest_route=\/wp\/v2\/media\/580"}],"wp:attachment":[{"href":"https:\/\/elrepublicano.ar\/index.php?rest_route=%2Fwp%2Fv2%2Fmedia&parent=579"}],"wp:term":[{"taxonomy":"category","embeddable":true,"href":"https:\/\/elrepublicano.ar\/index.php?rest_route=%2Fwp%2Fv2%2Fcategories&post=579"},{"taxonomy":"post_tag","embeddable":true,"href":"https:\/\/elrepublicano.ar\/index.php?rest_route=%2Fwp%2Fv2%2Ftags&post=579"}],"curies":[{"name":"wp","href":"https:\/\/api.w.org\/{rel}","templated":true}]}}