{"id":588,"date":"2026-02-18T11:27:07","date_gmt":"2026-02-18T14:27:07","guid":{"rendered":"https:\/\/minutopolitico.ar\/?p=588"},"modified":"2026-02-18T11:27:07","modified_gmt":"2026-02-18T14:27:07","slug":"cierra-fate","status":"publish","type":"post","link":"https:\/\/elrepublicano.ar\/?p=588","title":{"rendered":"Cierra Fate"},"content":{"rendered":"<p><img loading=\"lazy\" decoding=\"async\" class=\"alignnone size-medium wp-image-589\" src=\"https:\/\/elrepublicano.ar\/wp-content\/uploads\/2026\/02\/IMG_8890-300x200.webp\" alt=\"\" width=\"300\" height=\"200\" srcset=\"https:\/\/elrepublicano.ar\/wp-content\/uploads\/2026\/02\/IMG_8890-300x200.webp 300w, https:\/\/elrepublicano.ar\/wp-content\/uploads\/2026\/02\/IMG_8890-1024x683.webp 1024w, https:\/\/elrepublicano.ar\/wp-content\/uploads\/2026\/02\/IMG_8890-768x512.webp 768w, https:\/\/elrepublicano.ar\/wp-content\/uploads\/2026\/02\/IMG_8890-150x100.webp 150w, https:\/\/elrepublicano.ar\/wp-content\/uploads\/2026\/02\/IMG_8890-330x220.webp 330w, https:\/\/elrepublicano.ar\/wp-content\/uploads\/2026\/02\/IMG_8890-420x280.webp 420w, https:\/\/elrepublicano.ar\/wp-content\/uploads\/2026\/02\/IMG_8890-510x340.webp 510w, https:\/\/elrepublicano.ar\/wp-content\/uploads\/2026\/02\/IMG_8890-860x570.webp 860w, https:\/\/elrepublicano.ar\/wp-content\/uploads\/2026\/02\/IMG_8890.webp 1080w\" sizes=\"auto, (max-width: 300px) 100vw, 300px\" \/><\/p>\n<p class=\"p1\"><span class=\"s1\">La empresa argentina fabricante de neum\u00e1ticos <\/span><span class=\"s2\">Fate anunci\u00f3 su cierre definitivo de manera inmediata y despedir\u00e1 a 920 empleados.<\/span><\/p>\n<p class=\"p1\"><span class=\"s1\">La planta que dejar\u00e1 de estar operativa es la mayor del pa\u00eds y ten\u00eda una capacidad productiva que superaba los cinco millones de neum\u00e1ticos por a\u00f1o. El cierre se da en un contexto de crisispara la industria afectada por la apertura comercial que gener\u00f3 un mayor impacto de las importaciones.<\/span><\/p>\n<p class=\"p1\"><span class=\"s1\">Al explicar los motivos de la decisi\u00f3n, la firma expres\u00f3 que \u201clos <\/span><span class=\"s2\">cambios en las condiciones de mercado nos obligan a encarar los desaf\u00edos futuros desde un enfoque diferente<\/span><span class=\"s1\">, sin dejar de valorar la vocaci\u00f3n industrial que nos ha definido siempre durante todo este tiempo\u201d.<\/span><\/p>\n<p class=\"p1\"><span class=\"s1\">La empresa propiedad de la familia Madanes Quintanilla remarc\u00f3 que <\/span><span class=\"s2\">no se trata de un concurso preventivo de acreedores ni se contempla una reestructuraci\u00f3n o un plan de salvataje<\/span><span class=\"s1\">, sino que es un cierre total con liquidaci\u00f3n de activos y pago de indemnizaciones conforme a la ley vigente.<\/span><\/p>\n","protected":false},"excerpt":{"rendered":"<p>La empresa argentina fabricante de neum\u00e1ticos Fate anunci\u00f3 su cierre definitivo de manera inmediata y despedir\u00e1 a 920 empleados. La planta que dejar\u00e1 de estar operativa es la mayor del&hellip; <\/p>\n","protected":false},"author":1,"featured_media":589,"comment_status":"open","ping_status":"open","sticky":false,"template":"","format":"standard","meta":{"footnotes":""},"categories":[1],"tags":[],"class_list":["post-588","post","type-post","status-publish","format-standard","has-post-thumbnail","hentry","category-uncategorized"],"_links":{"self":[{"href":"https:\/\/elrepublicano.ar\/index.php?rest_route=\/wp\/v2\/posts\/588","targetHints":{"allow":["GET"]}}],"collection":[{"href":"https:\/\/elrepublicano.ar\/index.php?rest_route=\/wp\/v2\/posts"}],"about":[{"href":"https:\/\/elrepublicano.ar\/index.php?rest_route=\/wp\/v2\/types\/post"}],"author":[{"embeddable":true,"href":"https:\/\/elrepublicano.ar\/index.php?rest_route=\/wp\/v2\/users\/1"}],"replies":[{"embeddable":true,"href":"https:\/\/elrepublicano.ar\/index.php?rest_route=%2Fwp%2Fv2%2Fcomments&post=588"}],"version-history":[{"count":1,"href":"https:\/\/elrepublicano.ar\/index.php?rest_route=\/wp\/v2\/posts\/588\/revisions"}],"predecessor-version":[{"id":590,"href":"https:\/\/elrepublicano.ar\/index.php?rest_route=\/wp\/v2\/posts\/588\/revisions\/590"}],"wp:featuredmedia":[{"embeddable":true,"href":"https:\/\/elrepublicano.ar\/index.php?rest_route=\/wp\/v2\/media\/589"}],"wp:attachment":[{"href":"https:\/\/elrepublicano.ar\/index.php?rest_route=%2Fwp%2Fv2%2Fmedia&parent=588"}],"wp:term":[{"taxonomy":"category","embeddable":true,"href":"https:\/\/elrepublicano.ar\/index.php?rest_route=%2Fwp%2Fv2%2Fcategories&post=588"},{"taxonomy":"post_tag","embeddable":true,"href":"https:\/\/elrepublicano.ar\/index.php?rest_route=%2Fwp%2Fv2%2Ftags&post=588"}],"curies":[{"name":"wp","href":"https:\/\/api.w.org\/{rel}","templated":true}]}}