{"id":622,"date":"2026-02-23T11:40:54","date_gmt":"2026-02-23T14:40:54","guid":{"rendered":"https:\/\/minutopolitico.ar\/?p=622"},"modified":"2026-02-23T11:40:54","modified_gmt":"2026-02-23T14:40:54","slug":"gobierno-empresa-y-gremio-se-reunen-por-el-conflicto-en-fate","status":"publish","type":"post","link":"https:\/\/elrepublicano.ar\/?p=622","title":{"rendered":"Gobierno, empresa y gremio se re\u00fanen por el conflicto en Fate"},"content":{"rendered":"<p><img loading=\"lazy\" decoding=\"async\" class=\"alignnone size-medium wp-image-589\" src=\"https:\/\/elrepublicano.ar\/wp-content\/uploads\/2026\/02\/IMG_8890-300x200.webp\" alt=\"\" width=\"300\" height=\"200\" srcset=\"https:\/\/elrepublicano.ar\/wp-content\/uploads\/2026\/02\/IMG_8890-300x200.webp 300w, https:\/\/elrepublicano.ar\/wp-content\/uploads\/2026\/02\/IMG_8890-1024x683.webp 1024w, https:\/\/elrepublicano.ar\/wp-content\/uploads\/2026\/02\/IMG_8890-768x512.webp 768w, https:\/\/elrepublicano.ar\/wp-content\/uploads\/2026\/02\/IMG_8890-150x100.webp 150w, https:\/\/elrepublicano.ar\/wp-content\/uploads\/2026\/02\/IMG_8890-330x220.webp 330w, https:\/\/elrepublicano.ar\/wp-content\/uploads\/2026\/02\/IMG_8890-420x280.webp 420w, https:\/\/elrepublicano.ar\/wp-content\/uploads\/2026\/02\/IMG_8890-510x340.webp 510w, https:\/\/elrepublicano.ar\/wp-content\/uploads\/2026\/02\/IMG_8890-860x570.webp 860w, https:\/\/elrepublicano.ar\/wp-content\/uploads\/2026\/02\/IMG_8890.webp 1080w\" sizes=\"auto, (max-width: 300px) 100vw, 300px\" \/><\/p>\n<p class=\"p1\"><span class=\"s1\">El Gobierno argentino convoc\u00f3 a una audiencia entre representantes de la <\/span><span class=\"s2\">empresa Fate S.A.<\/span><span class=\"s1\"> y el <\/span><span class=\"s2\">Sindicato \u00danico de Trabajadores del Neum\u00e1tico Argentino (SUTNA)<\/span><span class=\"s1\"> en el marco del conflicto laboral generado tras el <\/span><span class=\"s2\">anuncio del cierre de la planta industrial de Fate<\/span><span class=\"s1\">, que afect\u00f3 a m\u00e1s de 900 empleados. <\/span><\/p>\n<p class=\"p1\"><span class=\"s1\">La reuni\u00f3n, de car\u00e1cter <\/span><span class=\"s2\">virtual y convocada por la Secretar\u00eda de Trabajo del Ministerio de Capital Humano<\/span><span class=\"s1\">, se realiz\u00f3 en el contexto de una <\/span><span class=\"s2\">conciliaci\u00f3n obligatoria de 15 d\u00edas<\/span><span class=\"s1\"> dictada por el Gobierno para intentar destrabar la disputa. <\/span><\/p>\n<p class=\"p1\"><span class=\"s1\">La conciliaci\u00f3n obligatoria implica que las partes deben <\/span><span class=\"s2\">retrotraer la situaci\u00f3n al estado previo al conflicto<\/span><span class=\"s1\"> y abstenerse de adoptar medidas que alteren la relaci\u00f3n laboral mientras se desarrollan instancias de negociaci\u00f3n. <\/span><\/p>\n<p class=\"p1\"><span class=\"s1\">Fate anunci\u00f3 el cierre de su planta industrial ubicada en Virreyes, partido de San Fernando (provincia de Buenos Aires), argumentando \u201ccambios en las condiciones de mercado\u201d como motivo para cesar las actividades productivas. <\/span><\/p>\n<p class=\"p1\"><span class=\"s1\">Desde el gremio SUTNA, los trabajadores ratificaron la exigencia de <\/span><span class=\"s2\">reapertura de la planta y presentaci\u00f3n de un plan productivo que garantice la continuidad de los empleos<\/span><span class=\"s1\">, postura que se mantiene al comenzar el di\u00e1logo. <\/span><\/p>\n","protected":false},"excerpt":{"rendered":"<p>El Gobierno argentino convoc\u00f3 a una audiencia entre representantes de la empresa Fate S.A. y el Sindicato \u00danico de Trabajadores del Neum\u00e1tico Argentino (SUTNA) en el marco del conflicto laboral&hellip; <\/p>\n","protected":false},"author":1,"featured_media":589,"comment_status":"open","ping_status":"open","sticky":false,"template":"","format":"standard","meta":{"footnotes":""},"categories":[1],"tags":[],"class_list":["post-622","post","type-post","status-publish","format-standard","has-post-thumbnail","hentry","category-uncategorized"],"_links":{"self":[{"href":"https:\/\/elrepublicano.ar\/index.php?rest_route=\/wp\/v2\/posts\/622","targetHints":{"allow":["GET"]}}],"collection":[{"href":"https:\/\/elrepublicano.ar\/index.php?rest_route=\/wp\/v2\/posts"}],"about":[{"href":"https:\/\/elrepublicano.ar\/index.php?rest_route=\/wp\/v2\/types\/post"}],"author":[{"embeddable":true,"href":"https:\/\/elrepublicano.ar\/index.php?rest_route=\/wp\/v2\/users\/1"}],"replies":[{"embeddable":true,"href":"https:\/\/elrepublicano.ar\/index.php?rest_route=%2Fwp%2Fv2%2Fcomments&post=622"}],"version-history":[{"count":1,"href":"https:\/\/elrepublicano.ar\/index.php?rest_route=\/wp\/v2\/posts\/622\/revisions"}],"predecessor-version":[{"id":623,"href":"https:\/\/elrepublicano.ar\/index.php?rest_route=\/wp\/v2\/posts\/622\/revisions\/623"}],"wp:featuredmedia":[{"embeddable":true,"href":"https:\/\/elrepublicano.ar\/index.php?rest_route=\/wp\/v2\/media\/589"}],"wp:attachment":[{"href":"https:\/\/elrepublicano.ar\/index.php?rest_route=%2Fwp%2Fv2%2Fmedia&parent=622"}],"wp:term":[{"taxonomy":"category","embeddable":true,"href":"https:\/\/elrepublicano.ar\/index.php?rest_route=%2Fwp%2Fv2%2Fcategories&post=622"},{"taxonomy":"post_tag","embeddable":true,"href":"https:\/\/elrepublicano.ar\/index.php?rest_route=%2Fwp%2Fv2%2Ftags&post=622"}],"curies":[{"name":"wp","href":"https:\/\/api.w.org\/{rel}","templated":true}]}}