{"id":732,"date":"2026-03-19T18:55:00","date_gmt":"2026-03-19T21:55:00","guid":{"rendered":"https:\/\/elrepublicano.ar\/?p=732"},"modified":"2026-03-19T19:47:05","modified_gmt":"2026-03-19T22:47:05","slug":"mauricio-macri-relanzo-su-partido-somos-el-proximo-paso","status":"publish","type":"post","link":"https:\/\/elrepublicano.ar\/?p=732","title":{"rendered":"Mauricio Macri: relanz\u00f3 su partido \u201cSomos el proximo paso\u201d"},"content":{"rendered":"<h2>M\u00e1s de 2500 personas entre dirigentes, gobernadores y legisladores, m\u00e1s una enorme cantidad de militancia se dieron cita en Parque Norte para escuchar a su l\u00edder<\/h2>\n<p>&nbsp;<\/p>\n<p><img loading=\"lazy\" decoding=\"async\" class=\"alignnone wp-image-733\" src=\"https:\/\/elrepublicano.ar\/wp-content\/uploads\/2026\/03\/Mauricio-Macri-300x169.jpeg\" alt=\"\" width=\"1200\" height=\"675\" srcset=\"https:\/\/elrepublicano.ar\/wp-content\/uploads\/2026\/03\/Mauricio-Macri-300x169.jpeg 300w, https:\/\/elrepublicano.ar\/wp-content\/uploads\/2026\/03\/Mauricio-Macri-1024x576.jpeg 1024w, https:\/\/elrepublicano.ar\/wp-content\/uploads\/2026\/03\/Mauricio-Macri-768x432.jpeg 768w, https:\/\/elrepublicano.ar\/wp-content\/uploads\/2026\/03\/Mauricio-Macri.jpeg 1200w\" sizes=\"auto, (max-width: 1200px) 100vw, 1200px\" \/><\/p>\n<p>&nbsp;<\/p>\n<p>BUENOS AIRES \u2013 Bajo un cielo celeste como pocas veces, pero que termin\u00f3 cediendo ante la m\u00edstica de los globos amarillos, el PRO protagoniz\u00f3 este jueves en Parque Norte una demostraci\u00f3n de fuerza que busc\u00f3 despejar cualquier duda sobre su vigencia. Con una convocatoria que super\u00f3 las 2.500 personas, entre militantes, legisladores e intendentes de todo el pa\u00eds, el partido fundado por Mauricio Macri sell\u00f3 su &#8220;relanzamiento&#8221; con un mensaje cargado de pragmatismo: el PRO no es un mero espectador del cambio, sino su motor indispensable.<br \/>\nEl acto, cargado de una simbolog\u00eda que remiti\u00f3 a los a\u00f1os dorados de la fuerza, tuvo una est\u00e9tica dividida en etapas muy precisas y divididas por las letras con las que se conoce al partido<br \/>\nAsi es que en la P los oradores, entre ellos Mar\u00eda Eugenia Vidal se apoyaron en los principios, la proactividad y de como piensa el PRO<br \/>\nEn el turno de los gobernadores, donde sus principales espadas tuvieron la palabra, pasaron por el escenario Nacho Torres, octavio Frigerio y Jorge Macri resaltaron La resiliencia del partido, la renovaci\u00f3n.<br \/>\nY a la hora de la O , Fernando de Andre\u00eds y Soledad Martinez hablaron de las oportunidades que se le presentan a la agrupaci\u00f3n, el optimismo y el orgullo.<br \/>\nComo orador de cierre a un Macri que altern\u00f3 entre el rol de mentor del espacio y el de cr\u00edtico sutil \u2014pero firme\u2014 de la actual gesti\u00f3n libertaria. En un discurso de 18 minutos, el expresidente busc\u00f3 marcar una identidad propia en un escenario pol\u00edtico donde las fronteras con La Libertad Avanza (LLA) se han vuelto, por momentos, difusas.<br \/>\n&#8220;No venimos a cuestionar, venimos a completar, somos el proximo paso&#8221;<br \/>\nLa frase que defini\u00f3 la jornada fue una declaraci\u00f3n de principios. Macri, consciente de las tensiones internas y de la fuga de cuadros hacia el oficialismo, fue tajante:<br \/>\n&#8220;El PRO no viene a cuestionar el rumbo, se\u00f1ores. Viene a completarlo. Ustedes me conocen hace mucho&#8230; el PRO jam\u00e1s va a ser un obst\u00e1culo al cambio&#8221;.<br \/>\nEl l\u00edder del espacio busc\u00f3 as\u00ed tranquilizar al electorado que hoy apoya a Javier Milei, pero enviando un mensaje directo a la Casa Rosada: el cambio necesita gesti\u00f3n, y la gesti\u00f3n es el ADN del PRO.<br \/>\nA diferencia de otras intervenciones m\u00e1s herm\u00e9ticas, Macri utiliz\u00f3 una met\u00e1fora constructiva para explicar la relaci\u00f3n con el actual Gobierno:<br \/>\n\u201cCuando uno construye una casa, el primer paso es demoler lo que estaba mal. Pero si la obra se detiene ah\u00ed, no ten\u00e9s una casa nueva, ten\u00e9s un terreno vac\u00edo. Y los argentinos necesitan una casa\u201d.<br \/>\nUno de los momentos m\u00e1s aplaudidos de la tarde fue cuando el expresidente reivindic\u00f3 los logros del partido en el Congreso y en los territorios. Macri no dud\u00f3 en adjudicarle al PRO la estabilidad que hoy intenta ostentar el Gobierno nacional.<br \/>\n\u201cSin el PRO no hubo cambio posible en la Argentina. Si hoy hay una estabilidad econ\u00f3mica es gracias al PRO. Si hoy pueden venir a poner plata en la miner\u00eda es gracias al PRO. Si se bajan los impuestos es gracias al PRO. No especulamos, no somos obstrucci\u00f3n, somos parte de la soluci\u00f3n\u201d.<br \/>\nEsta &#8220;reivindicaci\u00f3n de la propiedad intelectual&#8221; del cambio es, para muchos analistas, el primer paso de una estrategia para disputar las elecciones legislativas de 2025 y las presidenciales de 2027 con candidatos propios. La idea de &#8220;recuperar las banderas&#8221; que, seg\u00fan dirigentes cercanos a Macri, fueron &#8220;robadas&#8221; por el fen\u00f3meno libertario, sobrevol\u00f3 todo el sal\u00f3n de Parque Norte.<br \/>\nEl clima en Parque Norte fue de una mezcla de nostalgia y entusiasmo renovado. Tras meses de bajo perfil y de digerir desplantes medi\u00e1ticos \u2014como la reciente frase de Milei asegurando que no se dejar\u00eda &#8220;llevar puesto&#8221; como le ocurri\u00f3 a Macri\u2014, la dirigencia amarilla se mostr\u00f3 compacta.<br \/>\nFiguras centrales como Fernando de Andreis, Jorge Macri y Mar\u00eda Eugenia Vidal ocuparon las primeras filas, enviando un mensaje de unidad . De Andreis, uno de los armadores del evento, ya lo hab\u00eda anticipado: &#8220;El PRO es un partido de poder que aspira a gobernar&#8221;.<br \/>\nEl acto cerr\u00f3 con un Macri apelando al futuro. Aunque no hubo definiciones de candidaturas \u2014algo que el expresidente considera prematuro\u2014, la intenci\u00f3n de presentar una oferta electoral propia qued\u00f3 clara.<br \/>\n\u201cNo nos van a votar por lo que hicimos. Nos van a volver a votar por lo que los argentinos crean que vamos a hacer\u201d, sentenci\u00f3 frente a una multitud que recuper\u00f3 el c\u00e1ntico de &#8220;S\u00ed se puede&#8221;.<\/p>\n","protected":false},"excerpt":{"rendered":"<p>M\u00e1s de 2500 personas entre dirigentes, gobernadores y legisladores, m\u00e1s una enorme cantidad de militancia se dieron cita en Parque Norte para escuchar a su l\u00edder &nbsp; &nbsp; BUENOS AIRES&hellip; <\/p>\n","protected":false},"author":1,"featured_media":733,"comment_status":"open","ping_status":"open","sticky":false,"template":"","format":"standard","meta":{"footnotes":""},"categories":[4],"tags":[],"class_list":["post-732","post","type-post","status-publish","format-standard","has-post-thumbnail","hentry","category-politica"],"_links":{"self":[{"href":"https:\/\/elrepublicano.ar\/index.php?rest_route=\/wp\/v2\/posts\/732","targetHints":{"allow":["GET"]}}],"collection":[{"href":"https:\/\/elrepublicano.ar\/index.php?rest_route=\/wp\/v2\/posts"}],"about":[{"href":"https:\/\/elrepublicano.ar\/index.php?rest_route=\/wp\/v2\/types\/post"}],"author":[{"embeddable":true,"href":"https:\/\/elrepublicano.ar\/index.php?rest_route=\/wp\/v2\/users\/1"}],"replies":[{"embeddable":true,"href":"https:\/\/elrepublicano.ar\/index.php?rest_route=%2Fwp%2Fv2%2Fcomments&post=732"}],"version-history":[{"count":4,"href":"https:\/\/elrepublicano.ar\/index.php?rest_route=\/wp\/v2\/posts\/732\/revisions"}],"predecessor-version":[{"id":737,"href":"https:\/\/elrepublicano.ar\/index.php?rest_route=\/wp\/v2\/posts\/732\/revisions\/737"}],"wp:featuredmedia":[{"embeddable":true,"href":"https:\/\/elrepublicano.ar\/index.php?rest_route=\/wp\/v2\/media\/733"}],"wp:attachment":[{"href":"https:\/\/elrepublicano.ar\/index.php?rest_route=%2Fwp%2Fv2%2Fmedia&parent=732"}],"wp:term":[{"taxonomy":"category","embeddable":true,"href":"https:\/\/elrepublicano.ar\/index.php?rest_route=%2Fwp%2Fv2%2Fcategories&post=732"},{"taxonomy":"post_tag","embeddable":true,"href":"https:\/\/elrepublicano.ar\/index.php?rest_route=%2Fwp%2Fv2%2Ftags&post=732"}],"curies":[{"name":"wp","href":"https:\/\/api.w.org\/{rel}","templated":true}]}}