{"id":754,"date":"2026-03-20T20:31:07","date_gmt":"2026-03-20T23:31:07","guid":{"rendered":"https:\/\/elrepublicano.ar\/?p=754"},"modified":"2026-03-20T20:31:07","modified_gmt":"2026-03-20T23:31:07","slug":"las-pymes-al-borde-del-abismo","status":"publish","type":"post","link":"https:\/\/elrepublicano.ar\/?p=754","title":{"rendered":"Las PYMES al borde del abismo."},"content":{"rendered":"<p>Peque\u00f1as y medianas empresas exigen medidas urgentes para frenar la destrucci\u00f3n productiva.<\/p>\n<p>Dirigentes industriales lanzaron una fuerte advertencia sobre la situaci\u00f3n del sector: \u201cla industria PYME atraviesa una recesi\u00f3n profunda y generalizada, con ca\u00edda de la producci\u00f3n, destrucci\u00f3n de empleo y cierre masivo de empresas en todo el pa\u00eds\u201d.<\/p>\n<p>Seg\u00fan el relevamiento presentado, en solo 12 meses desaparecieron 9.300 unidades productivas, incluyendo m\u00e1s de 1.400 industrias, en un proceso que alcanza a 22 de las 24 provincias argentinas.<\/p>\n<p>A esto se suma un dato cr\u00edtico: las f\u00e1bricas est\u00e1n trabajando al 53,8% de su capacidad, con sectores clave \u2014como textil, metalmec\u00e1nico y automotriz\u2014 por debajo del 40%.<\/p>\n<p>\u201cLa macro puede mostrar orden, pero la econom\u00eda real se est\u00e1 rompiendo. Las PYMES est\u00e1n al l\u00edmite\u201d, advirtieron los referentes industriales. Frente a este escenario, el sector exige la declaraci\u00f3n inmediata de la Emergencia Econ\u00f3mica, Productiva y Social, con siete medidas concretas para frenar el colapso:<\/p>\n<ol>\n<li><a href=\"https:\/\/www.google.com\/search?q=Suspensi%C3%B3n+de+embargos&amp;rlz=1C1GCEA_enAR758AR758&amp;oq=quiero+que+te+conviertas+en+el+mejor+redactor+periodistico+y+elabores+Empresarios+PyME+proponen+siete+medidas+para+reactivar+la+industria+y+frenar+la+ca%C3%ADda+de+la+actividad++Buenos+Aires%2C+19+de+marzo+de+2026+%E2%80%93+Dirigentes+de+peque%C3%B1as+y+medianas+empresas+lanzaron+una+fuerte+advertencia+sobre+la+situaci%C3%B3n+del+sector%3A+la+industria+PyME+atraviesa+una+recesi%C3%B3n+profunda+y+generalizada%2C+con+ca%C3%ADda+de+la+producci%C3%B3n%2C+destrucci%C3%B3n+de+empleo+y+cierre+masivo+de+empresas+en+todo+el+pa%C3%ADs.+Seg%C3%BAn+el+relevamiento+presentado%2C+en+solo+12+meses+desaparecieron+9.300+unidades+productivas%2C+incluyendo+m%C3%A1s+de+1.400+industrias%2C+en+un+proceso+que+alcanza+a+22+de+las+24+provincias+argentinas.+A+esto+se+suma+un+dato+cr%C3%ADtico%3A+las+f%C3%A1bricas+est%C3%A1n+trabajando+al+53%2C8%25+de+su+capacidad%2C+con+sectores+clave+%E2%80%94como+textil%2C+metalmec%C3%A1nico+y+automotriz%E2%80%94+por+debajo+del+40%25.+%E2%80%9CLa+macro+puede+mostrar+orden%2C+pero+la+econom%C3%ADa+real+se+est%C3%A1+rompiendo.+Las+PyMEs+est%C3%A1n+al+l%C3%ADmite%E2%80%9D%2C+advirtieron+los+referentes+industriales.+Frente+a+este+escenario%2C+el+sector+exige+la+declaraci%C3%B3n+inmediata+de+la+Emergencia+Econ%C3%B3mica%2C+Productiva+y+Social%2C+con+medidas+concretas+para+frenar+el+colapso%3A+Suspensi%C3%B3n+de+embargos%2C+ejecuciones+y+remates+contra+empresas+Reforma+urgente+de+la+Ley+de+Quiebras+Moratoria+impositiva+y+previsional+para+evitar+cierres+Protecci%C3%B3n+del+entramado+productivo+y+del+empleo+%E2%80%9CNo+estamos+pidiendo+privilegios.+Estamos+pidiendo+tiempo+para+no+desaparecer%E2%80%9D%2C+remarcaron.++Un+plan+para+reactivar+o+seguir+cayendo+El+documento+tambi%C3%A9n+plantea+una+salida+concreta%3A+destinar+%2410+billones+a+la+econom%C3%ADa+real+para+reactivar+la+producci%C3%B3n+y+el+consumo.+Las+medidas+incluyen%3A+Cr%C3%A9ditos+productivos+accesibles+para+PyMEs+Financiamiento+al+consumo+de+productos+nacionales+Incentivos+para+poner+en+marcha+la+\"><strong>Suspensi\u00f3n de embargos<\/strong><\/a><strong>, ejecuciones y remates contra empresas<\/strong><\/li>\n<li><strong>Reforma urgente de la Ley de Quiebras<\/strong><\/li>\n<li><strong>Moratoria impositiva y previsional para evitar cierres<\/strong><\/li>\n<li><strong>Protecci\u00f3n del entramado productivo y del empleo<\/strong><\/li>\n<li><strong>Cr\u00e9ditos productivos accesibles para PYMES<\/strong><\/li>\n<li><strong>Financiamiento al consumo de productos nacionales<\/strong><\/li>\n<li><strong>Incentivos para poner en marcha la capacidad instalada ociosa y sustituci\u00f3n de importaciones<\/strong><\/li>\n<\/ol>\n<p>\u201cNo estamos pidiendo privilegios. Estamos pidiendo tiempo para no desaparecer\u201d, remarcaron. El documento tambi\u00e9n plantea una salida concreta: destinar\u00a0$ 10 billones a la econom\u00eda real para reactivar la producci\u00f3n y el consumo. El objetivo es claro: evitar que la crisis se transforme en una destrucci\u00f3n permanente del aparato productivo.<\/p>\n<p>Las PYMES advierten que: \u201creconstruir ser\u00e1 mucho m\u00e1s caro que evitar la ca\u00edda\u201d. Los dirigentes fueron contundentes: \u201cCada empresa que cierra no vuelve. Se pierde empleo, conocimiento y capacidad productiva. Si no se act\u00faa ahora, el costo de reconstruir la industria ser\u00e1 mucho m\u00e1s alto\u201d. En ese sentido, llamaron al Gobierno nacional y a todo el arco pol\u00edtico a priorizar la recuperaci\u00f3n de la econom\u00eda real, advirtiendo que sin industria no hay desarrollo sostenible.<\/p>\n<p>La propuesta con los siete puntos de las PYMES fue presentada en el Congreso de la Naci\u00f3n.<\/p>\n<p>El Republicano consult\u00f3 al Diputado Nacional del PRO Sergio Capozzi que describi\u00f3 detalladamente el momento que atraviesan las PYMES en la Argentina.<\/p>\n<p>El diputado Capozzi asegur\u00f3 que \u201cla situaci\u00f3n de las PYMES es asfixiante por m\u00faltiples causas: el comercio minorista est\u00e1 en retroceso en el mundo, la competencia con las plataformas de venta online es desigual, no paga alquileres, los gastos de exploraci\u00f3n son muy inferiores, la dotaci\u00f3n de personal es m\u00ednima y muy flexible y la oferta es infinitamente m\u00e1s alta que el local a la calle\u201d, adem\u00e1s, agreg\u00f3 el diputado del PRO \u201cel cr\u00e9dito a la producci\u00f3n en Argentina nunca existi\u00f3, las tasas tienen componentes como probabilidad de default&#8221; a cada segmento de clientes, el sector minorista suele tener tasas m\u00e1s altas porque el riesgo de mora es mayor que en el sector corporativo\u201d.<\/p>\n<p>Sobre las posibilidades de acceder al cr\u00e9dito por parte de las PYMES el diputado Capozzi explic\u00f3 que \u201cel Costo Financiero se traslada directamente a la Tasa Efectiva Anual, es por eso que el cr\u00e9dito al consumo suele ser el m\u00e1s caro del mercado, los bancos hacen reservas de Capital por el cual deben separar una parte de sus utilidades para crear una &#8220;reserva&#8221; que absorba las p\u00e9rdidas si los clientes dejan de pagar, hoy la morosidad est\u00e1 en los niveles m\u00e1s altos\u201d.<\/p>\n<p>Capozzi tambi\u00e9n se\u00f1al\u00f3 que \u201cla presi\u00f3n tributaria: tanto nacional como provincial y cargas municipales hacen que cualquier producto se incremente en el costo final en promedio m\u00e1s del 54%, impuestos como IIBB y al cheque son distorsivos, la informalidad y el ingreso de mercader\u00edas extranjeras a precio inferior de mercado colocan a las PYMES en una situaci\u00f3n muy delicada y dif\u00edcil de resolver en el corto plazo.<\/p>\n<p>&nbsp;<\/p>\n","protected":false},"excerpt":{"rendered":"<p>Peque\u00f1as y medianas empresas exigen medidas urgentes para frenar la destrucci\u00f3n productiva. Dirigentes industriales lanzaron una fuerte advertencia sobre la situaci\u00f3n del sector: \u201cla industria PYME atraviesa una recesi\u00f3n profunda&hellip; <\/p>\n","protected":false},"author":1,"featured_media":755,"comment_status":"open","ping_status":"open","sticky":false,"template":"","format":"standard","meta":{"footnotes":""},"categories":[5,6],"tags":[],"class_list":["post-754","post","type-post","status-publish","format-standard","has-post-thumbnail","hentry","category-economia","category-sociedad"],"_links":{"self":[{"href":"https:\/\/elrepublicano.ar\/index.php?rest_route=\/wp\/v2\/posts\/754","targetHints":{"allow":["GET"]}}],"collection":[{"href":"https:\/\/elrepublicano.ar\/index.php?rest_route=\/wp\/v2\/posts"}],"about":[{"href":"https:\/\/elrepublicano.ar\/index.php?rest_route=\/wp\/v2\/types\/post"}],"author":[{"embeddable":true,"href":"https:\/\/elrepublicano.ar\/index.php?rest_route=\/wp\/v2\/users\/1"}],"replies":[{"embeddable":true,"href":"https:\/\/elrepublicano.ar\/index.php?rest_route=%2Fwp%2Fv2%2Fcomments&post=754"}],"version-history":[{"count":1,"href":"https:\/\/elrepublicano.ar\/index.php?rest_route=\/wp\/v2\/posts\/754\/revisions"}],"predecessor-version":[{"id":756,"href":"https:\/\/elrepublicano.ar\/index.php?rest_route=\/wp\/v2\/posts\/754\/revisions\/756"}],"wp:featuredmedia":[{"embeddable":true,"href":"https:\/\/elrepublicano.ar\/index.php?rest_route=\/wp\/v2\/media\/755"}],"wp:attachment":[{"href":"https:\/\/elrepublicano.ar\/index.php?rest_route=%2Fwp%2Fv2%2Fmedia&parent=754"}],"wp:term":[{"taxonomy":"category","embeddable":true,"href":"https:\/\/elrepublicano.ar\/index.php?rest_route=%2Fwp%2Fv2%2Fcategories&post=754"},{"taxonomy":"post_tag","embeddable":true,"href":"https:\/\/elrepublicano.ar\/index.php?rest_route=%2Fwp%2Fv2%2Ftags&post=754"}],"curies":[{"name":"wp","href":"https:\/\/api.w.org\/{rel}","templated":true}]}}