{"id":760,"date":"2026-03-20T20:35:26","date_gmt":"2026-03-20T23:35:26","guid":{"rendered":"https:\/\/elrepublicano.ar\/?p=760"},"modified":"2026-03-27T17:39:02","modified_gmt":"2026-03-27T20:39:02","slug":"hernan-lacunza-es-inmoral-que-5-de-cada-10-personas-se-queden-fuera-del-sistema-por-mas-que-baje-la-inflacion","status":"publish","type":"post","link":"https:\/\/elrepublicano.ar\/?p=760","title":{"rendered":"Hern\u00e1n Lacunza: \u201cEs inmoral que 5 de cada 10 personas se queden fuera del sistema por m\u00e1s que baje la inflaci\u00f3n\u201d"},"content":{"rendered":"<p><strong>\u00a0<\/strong><\/p>\n<p>En el complejo tablero de la econom\u00eda argentina, las voces de quienes han timoneado tormentas previas suelen ofrecer una perspectiva necesaria entre la urgencia del presente y la incertidumbre del futuro. Hern\u00e1n Lacunza, exministro de Econom\u00eda y referente t\u00e9cnico del PRO, analiz\u00f3 para <em>El Republicano<\/em> \u00a0la coyuntura actual con una mezcla de reconocimiento y advertencia. Si bien destaca el \u00e9xito del Gobierno en la estabilizaci\u00f3n de las variables macroecon\u00f3micas m\u00e1s cr\u00edticas, pone un \u00e9nfasis urgente en la microeconom\u00eda del hogar y, fundamentalmente, en la sostenibilidad social de un modelo que, seg\u00fan su visi\u00f3n, corre el riesgo de dejar a la mitad de la poblaci\u00f3n en la banquina.<\/p>\n<p>Para Lacunza, el punto de partida de la actual administraci\u00f3n debe ser valorado desde lo que no sucedi\u00f3. El fantasma de una desintegraci\u00f3n total del sistema econ\u00f3mico, que acechaba en el traspaso de mando, parece haber sido conjurado. Seg\u00fan el exministro,\u00a0<strong>\u201cecon\u00f3micamente lo mejor ya se activ\u00f3 que fue haber evitado la crisis primaria, una hiperinflaci\u00f3n, un default, el corralito, en eso el gobierno tuvo pericia inicial ya que esas medidas y eso permiti\u00f3 bajar la inflaci\u00f3n. Esos son los activos p\u00fablicos del gobierno\u201d<\/strong>.<\/p>\n<p>Esta lectura sugiere que la &#8220;pericia inicial&#8221; fue efectiva para desactivar las bombas de tiempo que amenazaban la arquitectura financiera del pa\u00eds. La estabilizaci\u00f3n, entendida como la eliminaci\u00f3n del p\u00e1nico bancario y la espiralizaci\u00f3n de precios sin techo, es el capital pol\u00edtico m\u00e1s robusto que ostenta el oficialismo. Sin embargo, este orden macroecon\u00f3mico, necesario para cualquier planificaci\u00f3n a largo plazo, no parece ser suficiente para compensar el deterioro de la vida cotidiana.<\/p>\n<p>El an\u00e1lisis de Lacunza se traslada r\u00e1pidamente del Banco Central a la mesa de los argentinos. Aqu\u00ed, el exministro marca una distinci\u00f3n crucial entre la inflaci\u00f3n como fen\u00f3meno estad\u00edstico y el poder adquisitivo como realidad tangible. El diagn\u00f3stico es crudo: se ha cambiado un tipo de angustia por otro.<\/p>\n<p><strong>\u201cAhora bien, no pueden hablar del changuito del supermercado, hace dos a\u00f1os se compraban 10 changuitos por mes pero ten\u00edamos la zozobra que al mes siguiente pod\u00edamos comprar 7 porque la inflaci\u00f3n era 10 mensual y eso angustiaba a la gente, ese es un activo del gobierno, pero la contracara es que hoy se compran menos porque la plata no alcanza el disponible en una casa es menos, sabiendo que lo anterior era artificial (ya que se emit\u00edan pesos todos los meses)\u201d<\/strong>, explica.<\/p>\n<p>Esta &#8220;artificialidad&#8221; previa, sustentada en la emisi\u00f3n monetaria desenfrenada, ha dado paso a una realidad de carencia real. El problema ya no es la volatilidad del precio, sino la insuficiencia del ingreso. Lacunza observa que el consumo no solo ha ca\u00eddo, sino que ha mutado en su calidad, y que sectores clave para la generaci\u00f3n de riqueza est\u00e1n siendo ignorados en el altar de la baja inflacionaria:\u00a0<strong>\u201cPero ahora adem\u00e1s de comprar menos, cambi\u00f3 la composici\u00f3n de lo que se lleva a la casa y eso est\u00e1 planchado hace un a\u00f1o, la construcci\u00f3n, sectores de manufacturas y el gobierno subestima estos sectores\u201d<\/strong>.<\/p>\n<p>Uno de los puntos m\u00e1s t\u00e9cnicos y a la vez cr\u00edticos del planteo de Lacunza es la caracterizaci\u00f3n de la pol\u00edtica oficial como una &#8220;soluci\u00f3n de esquina&#8221;. En econom\u00eda, este t\u00e9rmino se refiere a una situaci\u00f3n donde se maximiza una variable ignorando por completo las dem\u00e1s. Para el exministro, el Gobierno ha ca\u00eddo en una trampa de visi\u00f3n \u00fanica.<\/p>\n<p><strong>\u201cEl Gobierno se apoya en su activo que es la inflaci\u00f3n, que es su activo pero hace 8 meses que sube, que hasta ac\u00e1 fue una soluci\u00f3n de esquina ya que priorizan la baja de inflaci\u00f3n y todo lo dem\u00e1s es un residuo y tiene una consecuencia, el desempleo\u201d<\/strong>, advierte. Al convertir la desinflaci\u00f3n en el \u00fanico objetivo, el sistema productivo comienza a crujir. Si la inflaci\u00f3n es el \u00e9xito, el desempleo es el costo colateral que el Gobierno parece estar dispuesto a aceptar como un &#8220;residuo&#8221;, una visi\u00f3n que Lacunza considera peligrosa.<\/p>\n<p>Para el economista, el camino virtuoso no se agota en el equilibrio fiscal o monetario. La sostenibilidad del modelo depende de reformas estructurales que, a su juicio, se han abordado de manera superficial o, directamente, se han omitido.<\/p>\n<p><strong>\u201cEntiendo que el camino virtuoso es hacer reformas, la laboral es una de ellas, que se hizo a medias, pero hay una agenda que conocemos desde chicos que tambi\u00e9n deber\u00eda reformarse, en el tema previsional no se hizo nada, la impositiva tampoco\u201d<\/strong>, se\u00f1ala con contundencia. Sin una reforma previsional que muestre un camino \u00a0al gasto p\u00fablico de largo plazo y una reforma impositiva que alivie la carga sobre el sector privado, cualquier alivio inflacionario podr\u00eda ser solo una tregua temporal.<\/p>\n<p>Sin embargo, el n\u00facleo de la advertencia de Lacunza no es puramente t\u00e9cnico, sino profundamente pol\u00edtico y \u00e9tico. Su mayor preocupaci\u00f3n reside en la gesti\u00f3n de la transici\u00f3n. El exministro sostiene que la importancia de las reformas no reside solo en su dise\u00f1o final, sino en c\u00f3mo se atraviesa el desierto hasta llegar a ellas.<\/p>\n<p>Es aqu\u00ed donde lanza su declaraci\u00f3n m\u00e1s potente, una advertencia que resuena como un l\u00edmite humanitario y social al ajuste:\u00a0<strong>\u201cSon importantes las reformas, cuando est\u00e9n finalizadas, pero ac\u00e1 lo importante es el trayecto, en el camino no se pueden quedar afuera 5 de diez personas, porque es inmoral y va a traer problemas sociales y pol\u00edticos\u201d<\/strong>.<\/p>\n<p>Esta cifra no es azarosa. Hablar de que &#8220;5 de diez personas&#8221; no pueden quedar fuera del circuito laboral es ponerle rostro al 50% de la poblaci\u00f3n que hoy vive en la vulnerabilidad. Lacunza plantea que un \u00e9xito macroecon\u00f3mico construido sobre la exclusi\u00f3n masiva no solo es \u00e9ticamente insostenible \u2014tach\u00e1ndolo de\u00a0<strong>&#8220;inmoral&#8221;<\/strong>\u2014 sino que es pol\u00edticamente inviable. El &#8220;trayecto&#8221;, ese tiempo de espera entre el sacrificio y el beneficio, no puede ser un campo de exterminio para el empleo y la integraci\u00f3n social.<\/p>\n","protected":false},"excerpt":{"rendered":"<p>\u00a0 En el complejo tablero de la econom\u00eda argentina, las voces de quienes han timoneado tormentas previas suelen ofrecer una perspectiva necesaria entre la urgencia del presente y la incertidumbre&hellip; <\/p>\n","protected":false},"author":1,"featured_media":761,"comment_status":"open","ping_status":"open","sticky":false,"template":"","format":"standard","meta":{"footnotes":""},"categories":[53,5],"tags":[],"class_list":["post-760","post","type-post","status-publish","format-standard","has-post-thumbnail","hentry","category-actualidad","category-economia"],"_links":{"self":[{"href":"https:\/\/elrepublicano.ar\/index.php?rest_route=\/wp\/v2\/posts\/760","targetHints":{"allow":["GET"]}}],"collection":[{"href":"https:\/\/elrepublicano.ar\/index.php?rest_route=\/wp\/v2\/posts"}],"about":[{"href":"https:\/\/elrepublicano.ar\/index.php?rest_route=\/wp\/v2\/types\/post"}],"author":[{"embeddable":true,"href":"https:\/\/elrepublicano.ar\/index.php?rest_route=\/wp\/v2\/users\/1"}],"replies":[{"embeddable":true,"href":"https:\/\/elrepublicano.ar\/index.php?rest_route=%2Fwp%2Fv2%2Fcomments&post=760"}],"version-history":[{"count":1,"href":"https:\/\/elrepublicano.ar\/index.php?rest_route=\/wp\/v2\/posts\/760\/revisions"}],"predecessor-version":[{"id":762,"href":"https:\/\/elrepublicano.ar\/index.php?rest_route=\/wp\/v2\/posts\/760\/revisions\/762"}],"wp:featuredmedia":[{"embeddable":true,"href":"https:\/\/elrepublicano.ar\/index.php?rest_route=\/wp\/v2\/media\/761"}],"wp:attachment":[{"href":"https:\/\/elrepublicano.ar\/index.php?rest_route=%2Fwp%2Fv2%2Fmedia&parent=760"}],"wp:term":[{"taxonomy":"category","embeddable":true,"href":"https:\/\/elrepublicano.ar\/index.php?rest_route=%2Fwp%2Fv2%2Fcategories&post=760"},{"taxonomy":"post_tag","embeddable":true,"href":"https:\/\/elrepublicano.ar\/index.php?rest_route=%2Fwp%2Fv2%2Ftags&post=760"}],"curies":[{"name":"wp","href":"https:\/\/api.w.org\/{rel}","templated":true}]}}