{"id":902,"date":"2026-03-27T09:45:15","date_gmt":"2026-03-27T12:45:15","guid":{"rendered":"https:\/\/elrepublicano.ar\/?p=902"},"modified":"2026-03-28T13:54:17","modified_gmt":"2026-03-28T16:54:17","slug":"jorge-macri-a-john-malkovich-huesped-de-honor","status":"publish","type":"post","link":"https:\/\/elrepublicano.ar\/?p=902","title":{"rendered":"Honor a John Malcovich"},"content":{"rendered":"<p>La Ciudad de Buenos Aires volvi\u00f3 a ratificar su condici\u00f3n de faro cultural de la regi\u00f3n<\/p>\n<p>&nbsp;<\/p>\n<p>En una ceremonia cargada de simbolismo y m\u00edstica porte\u00f1a, celebrada en el emblem\u00e1tico Teatro Alvear, el jefe de Gobierno, Jorge Macri, junto a la ministra de Cultura, Gabriela Ricardes, formaliz\u00f3 este reconocimiento a una de las figuras m\u00e1s camale\u00f3nicas y respetadas de la industria cinematogr\u00e1fica y teatral del mundo.<\/p>\n<p>La llegada del actor, productor y director no es un hecho aislado, sino que coincide con la presentaci\u00f3n de su obra \u201cEl Infame Ram\u00edrez Hoffman\u201d, una pieza que amalgama literatura, m\u00fasica en vivo y una interpretaci\u00f3n actoral que promete ser hist\u00f3rica en su \u00fanica funci\u00f3n en el Teatro \u00d3pera.<\/p>\n<p>La distinci\u00f3n resalta no solo la trayectoria de un hombre que ha participado en m\u00e1s de 70 pel\u00edculas, incluyendo cl\u00e1sicos como \u201cRelaciones peligrosas\u201d y \u201cBeing John Malkovich\u201d, sino tambi\u00e9n su profunda conexi\u00f3n intelectual y emocional con la cultura rioplatense.<\/p>\n<p>Durante el acto, Jorge Macri subray\u00f3 el impacto que genera una presencia de este calibre en el ecosistema art\u00edstico local. \u201cLa visita de John Malkovich en Buenos Aires tiene un valor enorme. Inspira a quienes est\u00e1n empezando, desaf\u00eda a quienes ya tienen trayectoria y en definitiva, nos enriquece a todos como comunidad\u201d, expres\u00f3 el mandatario porte\u00f1o ante un auditorio colmado por m\u00e1s de 800 espectadores, entre los que se encontraban estudiantes de artes dram\u00e1ticas, representantes del BAFICI e invitados especiales que colmaron las butacas para ser testigos de este cruce de culturas.<\/p>\n<p>Malkovich, nacido en Illinois en 1953 y formado en el teatro independiente antes de conquistar Hollywood bajo la lente de directores como Steven Spielberg y Clint Eastwood, ha demostrado a lo largo de su carrera un inter\u00e9s persistente por la condici\u00f3n humana y los derechos fundamentales. Este v\u00ednculo con la Argentina ya se hab\u00eda manifestado anteriormente a trav\u00e9s de su trabajo sobre el pr\u00f3logo de Ernesto S\u00e1bato para el informe \u201cNunca M\u00e1s\u201d, un gesto que el p\u00fablico local no olvida.<\/p>\n<p>En esta oportunidad, el actor trae a escena un texto de Roberto Bola\u00f1o que explora las oscuridades de la historia latinoamericana.<\/p>\n<p>La ceremonia de distinci\u00f3n tambi\u00e9n permiti\u00f3 un intercambio de reflexiones sobre la identidad de la capital argentina. Jorge Macri utiliz\u00f3 una met\u00e1fora literaria para darle la bienvenida al artista, conectando la curiosidad del actor por la historia con el esp\u00edritu de la ciudad. \u201cJohn, hace muy poco dijiste que te atraen las ciudades de imperios perdidos. Bueno, ac\u00e1 tenemos una frase muy conocida: \u2018Buenos Aires es la capital de un imperio que nunca existi\u00f3\u2019. Lo que s\u00ed existe es el ritmo porte\u00f1o: nuestra pasi\u00f3n, vivacidad y nostalgia que, como bien dec\u00eds, se expresan quiz\u00e1s de manera \u00fanica en el tango\u201d, se\u00f1al\u00f3 Macri, quien adem\u00e1s enfatiz\u00f3 el deseo de que el visitante se sienta integrado a la vida local: \u201cEsto es Buenos Aires: la Ciudad m\u00e1s linda del mundo. Queremos que te sientas como en casa. Y ojal\u00e1 que esta obra sea una experiencia que nos marque a todos\u201d.<\/p>\n<p>La puesta que Malkovich presentar\u00e1 en el \u00d3pera cuenta con el respaldo del empresario Diego Kolankowsky y se destaca por una arquitectura sonora exquisita, donde tres m\u00fasicos interpretar\u00e1n piezas de Astor Piazzolla y Antonio Vivaldi, generando un puente directo entre el barroco europeo y la vanguardia del tango.<\/p>\n<p>Este cruce de disciplinas es lo que, seg\u00fan las autoridades porte\u00f1as, posiciona a Buenos Aires como un destino ineludible para el arte de elite. La entrega de la medalla de Hu\u00e9sped de Honor no fue solo un protocolo administrativo, sino una declaraci\u00f3n de principios sobre la apertura de la ciudad al mundo y su capacidad para dialogar de igual a igual con las leyendas vivas de la cultura contempor\u00e1nea.<\/p>\n<p>Con su habitual serenidad y mirada aguda, Malkovich recibi\u00f3 el afecto de una Buenos Aires que, por unas horas, se transform\u00f3 en su propio escenario, reafirmando que el arte, al igual que los grandes imperios, vive en la memoria y en la pasi\u00f3n de quienes lo habitan.<\/p>\n<p>&nbsp;<\/p>\n","protected":false},"excerpt":{"rendered":"<p>La Ciudad de Buenos Aires volvi\u00f3 a ratificar su condici\u00f3n de faro cultural de la regi\u00f3n &nbsp; En una ceremonia cargada de simbolismo y m\u00edstica porte\u00f1a, celebrada en el emblem\u00e1tico&hellip; <\/p>\n","protected":false},"author":1,"featured_media":943,"comment_status":"open","ping_status":"open","sticky":false,"template":"","format":"standard","meta":{"footnotes":""},"categories":[5,6],"tags":[],"class_list":["post-902","post","type-post","status-publish","format-standard","has-post-thumbnail","hentry","category-economia","category-sociedad"],"_links":{"self":[{"href":"https:\/\/elrepublicano.ar\/index.php?rest_route=\/wp\/v2\/posts\/902","targetHints":{"allow":["GET"]}}],"collection":[{"href":"https:\/\/elrepublicano.ar\/index.php?rest_route=\/wp\/v2\/posts"}],"about":[{"href":"https:\/\/elrepublicano.ar\/index.php?rest_route=\/wp\/v2\/types\/post"}],"author":[{"embeddable":true,"href":"https:\/\/elrepublicano.ar\/index.php?rest_route=\/wp\/v2\/users\/1"}],"replies":[{"embeddable":true,"href":"https:\/\/elrepublicano.ar\/index.php?rest_route=%2Fwp%2Fv2%2Fcomments&post=902"}],"version-history":[{"count":3,"href":"https:\/\/elrepublicano.ar\/index.php?rest_route=\/wp\/v2\/posts\/902\/revisions"}],"predecessor-version":[{"id":945,"href":"https:\/\/elrepublicano.ar\/index.php?rest_route=\/wp\/v2\/posts\/902\/revisions\/945"}],"wp:featuredmedia":[{"embeddable":true,"href":"https:\/\/elrepublicano.ar\/index.php?rest_route=\/wp\/v2\/media\/943"}],"wp:attachment":[{"href":"https:\/\/elrepublicano.ar\/index.php?rest_route=%2Fwp%2Fv2%2Fmedia&parent=902"}],"wp:term":[{"taxonomy":"category","embeddable":true,"href":"https:\/\/elrepublicano.ar\/index.php?rest_route=%2Fwp%2Fv2%2Fcategories&post=902"},{"taxonomy":"post_tag","embeddable":true,"href":"https:\/\/elrepublicano.ar\/index.php?rest_route=%2Fwp%2Fv2%2Ftags&post=902"}],"curies":[{"name":"wp","href":"https:\/\/api.w.org\/{rel}","templated":true}]}}