{"id":905,"date":"2026-03-27T09:52:26","date_gmt":"2026-03-27T12:52:26","guid":{"rendered":"https:\/\/elrepublicano.ar\/?p=905"},"modified":"2026-03-27T09:52:26","modified_gmt":"2026-03-27T12:52:26","slug":"economia-suben-y-bajan","status":"publish","type":"post","link":"https:\/\/elrepublicano.ar\/?p=905","title":{"rendered":"Econom\u00eda: suben y bajan"},"content":{"rendered":"<p>El campo sube, el comercio cae.<\/p>\n<p>&nbsp;<\/p>\n<p>La econom\u00eda argentina comenz\u00f3 el a\u00f1o 2026 con una se\u00f1al de resistencia que alimenta las expectativas oficiales de consolidar un ciclo de crecimiento sostenido.<\/p>\n<p>Seg\u00fan los datos del Estimador Mensual de Actividad Econ\u00f3mica (EMAE) publicados recientemente por el Instituto Nacional de Estad\u00edstica y Censos, la actividad registr\u00f3 un avance del 0,4% en enero respecto a diciembre en su medici\u00f3n desestacionalizada, mientras que en la comparaci\u00f3n interanual el indicador marc\u00f3 un alza del 1,9%.<\/p>\n<p>Este resultado positivo se apoya fundamentalmente en el empuje del sector primario y la miner\u00eda, que lograron compensar las ca\u00eddas persistentes en el consumo minorista y la industria manufacturera.<\/p>\n<p>El informe oficial revela que diez de los sectores relevados presentaron incrementos en el primer mes del a\u00f1o, destac\u00e1ndose el desempe\u00f1o de la pesca con un salto del 50,8% interanual.<\/p>\n<p>No obstante, el verdadero motor de la estad\u00edstica fue el rubro de agricultura y ganader\u00eda que creci\u00f3 un 25,1% y se consolid\u00f3 como el sector de mayor impacto positivo sobre el \u00edndice general.<\/p>\n<p>Junto con la explotaci\u00f3n de minas y canteras, que aument\u00f3 un 9,6%, estos rubros aportaron 1,7 puntos porcentuales al crecimiento interanual, ratificando la dependencia del modelo actual de las exportaciones de materias primas y la energ\u00eda.<\/p>\n<p>En la vereda opuesta, cinco sectores reflejaron bajas frente a enero del a\u00f1o pasado, exponiendo la fragilidad del mercado interno.<\/p>\n<p>El comercio mayorista y minorista retrocedi\u00f3 un 3,2%, afectado por la erosi\u00f3n del poder adquisitivo, mientras que la industria manufacturera disminuy\u00f3 un 2,6%.<\/p>\n<p>Por su parte, el sector de electricidad, gas y agua cay\u00f3 un 3% y la administraci\u00f3n p\u00fablica se redujo un 1,6%, restando en conjunto 0,9 puntos porcentuales a la variaci\u00f3n anual.<\/p>\n<p>Desde el PRO, diversos referentes econ\u00f3micos se\u00f1alaron que estos n\u00fameros son el correlato de la expansi\u00f3n del 4,4% registrada en 2025, un a\u00f1o clave donde el Producto Interno Bruto se vio impulsado por un fuerte incremento de la inversi\u00f3n del 16,4% y del consumo privado en un 7,9%.<\/p>\n<p>Para los economistas del PRO la clave del 2026 ser\u00e1 profundizar la baja de impuestos y la desregulaci\u00f3n para que el crecimiento deje de depender exclusivamente del campo y se traslade con fuerza a la industria y el comercio. Sostienen que, tras dos a\u00f1os de ajuste fiscal severo, la estabilidad macroecon\u00f3mica empieza a ofrecer los m\u00e1rgenes necesarios para una recuperaci\u00f3n que, aunque heterog\u00e9nea, marca un quiebre respecto al estancamiento de la \u00faltima d\u00e9cada.<\/p>\n<p>El desaf\u00edo inmediato del Gobierno ser\u00e1 lograr que los sectores que a\u00fan muestran cifras negativas logren acoplarse a la din\u00e1mica exportadora antes de que termine el primer semestre.<\/p>\n<p>&nbsp;<\/p>\n","protected":false},"excerpt":{"rendered":"<p>El campo sube, el comercio cae. &nbsp; La econom\u00eda argentina comenz\u00f3 el a\u00f1o 2026 con una se\u00f1al de resistencia que alimenta las expectativas oficiales de consolidar un ciclo de crecimiento&hellip; <\/p>\n","protected":false},"author":1,"featured_media":906,"comment_status":"open","ping_status":"open","sticky":false,"template":"","format":"standard","meta":{"footnotes":""},"categories":[5],"tags":[],"class_list":["post-905","post","type-post","status-publish","format-standard","has-post-thumbnail","hentry","category-economia"],"_links":{"self":[{"href":"https:\/\/elrepublicano.ar\/index.php?rest_route=\/wp\/v2\/posts\/905","targetHints":{"allow":["GET"]}}],"collection":[{"href":"https:\/\/elrepublicano.ar\/index.php?rest_route=\/wp\/v2\/posts"}],"about":[{"href":"https:\/\/elrepublicano.ar\/index.php?rest_route=\/wp\/v2\/types\/post"}],"author":[{"embeddable":true,"href":"https:\/\/elrepublicano.ar\/index.php?rest_route=\/wp\/v2\/users\/1"}],"replies":[{"embeddable":true,"href":"https:\/\/elrepublicano.ar\/index.php?rest_route=%2Fwp%2Fv2%2Fcomments&post=905"}],"version-history":[{"count":1,"href":"https:\/\/elrepublicano.ar\/index.php?rest_route=\/wp\/v2\/posts\/905\/revisions"}],"predecessor-version":[{"id":907,"href":"https:\/\/elrepublicano.ar\/index.php?rest_route=\/wp\/v2\/posts\/905\/revisions\/907"}],"wp:featuredmedia":[{"embeddable":true,"href":"https:\/\/elrepublicano.ar\/index.php?rest_route=\/wp\/v2\/media\/906"}],"wp:attachment":[{"href":"https:\/\/elrepublicano.ar\/index.php?rest_route=%2Fwp%2Fv2%2Fmedia&parent=905"}],"wp:term":[{"taxonomy":"category","embeddable":true,"href":"https:\/\/elrepublicano.ar\/index.php?rest_route=%2Fwp%2Fv2%2Fcategories&post=905"},{"taxonomy":"post_tag","embeddable":true,"href":"https:\/\/elrepublicano.ar\/index.php?rest_route=%2Fwp%2Fv2%2Ftags&post=905"}],"curies":[{"name":"wp","href":"https:\/\/api.w.org\/{rel}","templated":true}]}}